{"id":17560,"date":"2020-07-15T20:23:56","date_gmt":"2020-07-15T20:23:56","guid":{"rendered":"https:\/\/blogdorogeriogomes.com.br\/?p=17560"},"modified":"2020-07-17T11:14:43","modified_gmt":"2020-07-17T11:14:43","slug":"prefeito-de-granjeiro-e-preso-em-operacao-que-apura-o-assassinato-do-ex-prefeito-do-municipio","status":"publish","type":"post","link":"https:\/\/blogdorogeriogomes.com.br\/noticias\/2020\/07\/prefeito-de-granjeiro-e-preso-em-operacao-que-apura-o-assassinato-do-ex-prefeito-do-municipio\/","title":{"rendered":"Prefeito de Granjeiro \u00e9 preso em opera\u00e7\u00e3o que apura o assassinato do ex-prefeito do munic\u00edpio"},"content":{"rendered":"\n<p>O prefeito de Granjeiro, Ticiano Tom\u00e9, foi preso na manh\u00e3 desta quarta-feira, dia 15 de julho, por envolvimento no assassinato de Jo\u00e3o Greg\u00f3rio Neto, o Jo\u00e3o do Povo, ex-prefeito do munic\u00edpio distante 442km de Fortaleza.&nbsp;A opera\u00e7\u00e3o cumpre 15 mandados de busca e apreens\u00e3o e 12 de pris\u00e3o, sendo nove preventivas e tr\u00eas domiciliares, nas cidades de Fortaleza, Crato, Juazeiro do Norte, Granjeiro e Salgueiro, em Pernambuco. Entre os presos tamb\u00e9m est\u00e1 o pai do prefeito, Vicente F\u00e9lix de Sousa, tamb\u00e9m acusado de participa\u00e7\u00e3o no crime.<\/p>\n\n\n\n<p>Ticiano Tom\u00e9 foi preso em Fortaleza e levado nessa manh\u00e3 para a Delegacia Regional do Crato. A Secretaria de Seguran\u00e7a P\u00fablica do Cear\u00e1 (SSPDS) informou na \u00e9poca que a principal hip\u00f3tese \u00e9 de crime com motiva\u00e7\u00e3o pol\u00edtica. <\/p>\n\n\n\n<p>O presidente da C\u00e2mara Municipal, Luiz M\u00e1rcio Pereira (PMN), assumiu, na tarde desta quarta-feira, a Prefeitura do Munic\u00edpio de Granjeiro no lugar de Ticiano Tom\u00e9.<\/p>\n\n\n\n<figure class=\"wp-block-image size-large\"><img loading=\"lazy\" decoding=\"async\" width=\"1024\" height=\"576\" src=\"https:\/\/blogdorogeriogomes.com.br\/wp-content\/uploads\/2020\/07\/operac-o-granjeiro-1024x576.jpg\" alt=\"\" class=\"wp-image-17561\" srcset=\"https:\/\/blogdorogeriogomes.com.br\/noticias\/wp-content\/uploads\/2020\/07\/operac-o-granjeiro-1024x576.jpg 1024w, https:\/\/blogdorogeriogomes.com.br\/noticias\/wp-content\/uploads\/2020\/07\/operac-o-granjeiro-300x169.jpg 300w, https:\/\/blogdorogeriogomes.com.br\/noticias\/wp-content\/uploads\/2020\/07\/operac-o-granjeiro-768x432.jpg 768w, https:\/\/blogdorogeriogomes.com.br\/noticias\/wp-content\/uploads\/2020\/07\/operac-o-granjeiro-800x450.jpg 800w, https:\/\/blogdorogeriogomes.com.br\/noticias\/wp-content\/uploads\/2020\/07\/operac-o-granjeiro.jpg 1088w\" sizes=\"auto, (max-width: 1024px) 100vw, 1024px\" \/><\/figure>\n","protected":false},"excerpt":{"rendered":"<p>O prefeito de Granjeiro, Ticiano Tom\u00e9, foi preso na manh\u00e3 desta quarta-feira, dia 15 de julho, por envolvimento no assassinato de Jo\u00e3o Greg\u00f3rio Neto, o Jo\u00e3o do Povo, ex-prefeito do munic\u00edpio distante 442km de Fortaleza.&nbsp;A opera\u00e7\u00e3o cumpre 15 mandados de busca e apreens\u00e3o e 12 de pris\u00e3o, sendo nove preventivas e tr\u00eas domiciliares, nas cidades de Fortaleza, Crato, Juazeiro do Norte, Granjeiro e Salgueiro, em Pernambuco. Entre os presos tamb\u00e9m est\u00e1 o pai do prefeito, Vicente F\u00e9lix de Sousa,&hellip;<\/p>\n","protected":false},"author":1,"featured_media":17561,"comment_status":"open","ping_status":"open","sticky":false,"template":"","format":"standard","meta":{"footnotes":""},"categories":[1],"tags":[],"class_list":["post-17560","post","type-post","status-publish","format-standard","has-post-thumbnail","hentry","category-noticias"],"_links":{"self":[{"href":"https:\/\/blogdorogeriogomes.com.br\/noticias\/wp-json\/wp\/v2\/posts\/17560","targetHints":{"allow":["GET"]}}],"collection":[{"href":"https:\/\/blogdorogeriogomes.com.br\/noticias\/wp-json\/wp\/v2\/posts"}],"about":[{"href":"https:\/\/blogdorogeriogomes.com.br\/noticias\/wp-json\/wp\/v2\/types\/post"}],"author":[{"embeddable":true,"href":"https:\/\/blogdorogeriogomes.com.br\/noticias\/wp-json\/wp\/v2\/users\/1"}],"replies":[{"embeddable":true,"href":"https:\/\/blogdorogeriogomes.com.br\/noticias\/wp-json\/wp\/v2\/comments?post=17560"}],"version-history":[{"count":2,"href":"https:\/\/blogdorogeriogomes.com.br\/noticias\/wp-json\/wp\/v2\/posts\/17560\/revisions"}],"predecessor-version":[{"id":17587,"href":"https:\/\/blogdorogeriogomes.com.br\/noticias\/wp-json\/wp\/v2\/posts\/17560\/revisions\/17587"}],"wp:featuredmedia":[{"embeddable":true,"href":"https:\/\/blogdorogeriogomes.com.br\/noticias\/wp-json\/wp\/v2\/media\/17561"}],"wp:attachment":[{"href":"https:\/\/blogdorogeriogomes.com.br\/noticias\/wp-json\/wp\/v2\/media?parent=17560"}],"wp:term":[{"taxonomy":"category","embeddable":true,"href":"https:\/\/blogdorogeriogomes.com.br\/noticias\/wp-json\/wp\/v2\/categories?post=17560"},{"taxonomy":"post_tag","embeddable":true,"href":"https:\/\/blogdorogeriogomes.com.br\/noticias\/wp-json\/wp\/v2\/tags?post=17560"}],"curies":[{"name":"wp","href":"https:\/\/api.w.org\/{rel}","templated":true}]}}