{"id":17563,"date":"2020-07-15T20:32:32","date_gmt":"2020-07-15T20:32:32","guid":{"rendered":"https:\/\/blogdorogeriogomes.com.br\/?p=17563"},"modified":"2020-07-17T11:14:26","modified_gmt":"2020-07-17T11:14:26","slug":"presidente-do-tse-veta-uso-da-biometria-para-eleicoes-municipais-em-novembro","status":"publish","type":"post","link":"https:\/\/blogdorogeriogomes.com.br\/noticias\/2020\/07\/presidente-do-tse-veta-uso-da-biometria-para-eleicoes-municipais-em-novembro\/","title":{"rendered":"Presidente do TSE veta uso da biometria para elei\u00e7\u00f5es municipais em novembro"},"content":{"rendered":"\n<p>A pandemia do coronav\u00edrus tamb\u00e9m vai provocar mudan\u00e7as nas regras do processo eleitoral deste ano. O presidente do Tribunal Superior Eleitoral (TSE), ministro Lu\u00eds Roberto Barroso, vetou o uso de biometria nas elei\u00e7\u00f5es municipais de 2020, que est\u00e3o previstas para 15 de novembro (1\u00b0 turno) e 29 de novembro (2\u00b0 turno). A decis\u00e3o foi tomada ap\u00f3s grupo de m\u00e9dicos e t\u00e9cnicos constatarem que o uso da impress\u00e3o digital pode representar 70% do tempo de voto por eleitor. Com a medida, o ministro planeja evitar filas e aglomera\u00e7\u00f5es.<br><\/p>\n\n\n\n<p>Para substituir a biometria, o sistema de identifica\u00e7\u00e3o voltaria para a assinatura no caderno de vota\u00e7\u00e3o. Os eleitores seriam estimulados a levar as pr\u00f3prias canetas para a vota\u00e7\u00e3o por meio de campanha do TSE.&nbsp;A decis\u00e3o deve ser inclu\u00edda nas resolu\u00e7\u00f5es do processo eleitoral deste ano e ser levada a referendo do plen\u00e1rio do TSE na volta do recesso, em agosto.<\/p>\n\n\n\n<figure class=\"wp-block-image size-large\"><img loading=\"lazy\" decoding=\"async\" width=\"840\" height=\"539\" src=\"https:\/\/blogdorogeriogomes.com.br\/wp-content\/uploads\/2020\/07\/presidente-do-tse-quer-eleicoes-sem-biometria-em-2020_digital.jpg\" alt=\"\" class=\"wp-image-17564\" srcset=\"https:\/\/blogdorogeriogomes.com.br\/noticias\/wp-content\/uploads\/2020\/07\/presidente-do-tse-quer-eleicoes-sem-biometria-em-2020_digital.jpg 840w, https:\/\/blogdorogeriogomes.com.br\/noticias\/wp-content\/uploads\/2020\/07\/presidente-do-tse-quer-eleicoes-sem-biometria-em-2020_digital-300x193.jpg 300w, https:\/\/blogdorogeriogomes.com.br\/noticias\/wp-content\/uploads\/2020\/07\/presidente-do-tse-quer-eleicoes-sem-biometria-em-2020_digital-768x493.jpg 768w, https:\/\/blogdorogeriogomes.com.br\/noticias\/wp-content\/uploads\/2020\/07\/presidente-do-tse-quer-eleicoes-sem-biometria-em-2020_digital-800x513.jpg 800w\" sizes=\"auto, (max-width: 840px) 100vw, 840px\" \/><\/figure>\n","protected":false},"excerpt":{"rendered":"<p>A pandemia do coronav\u00edrus tamb\u00e9m vai provocar mudan\u00e7as nas regras do processo eleitoral deste ano. O presidente do Tribunal Superior Eleitoral (TSE), ministro Lu\u00eds Roberto Barroso, vetou o uso de biometria nas elei\u00e7\u00f5es municipais de 2020, que est\u00e3o previstas para 15 de novembro (1\u00b0 turno) e 29 de novembro (2\u00b0 turno). A decis\u00e3o foi tomada ap\u00f3s grupo de m\u00e9dicos e t\u00e9cnicos constatarem que o uso da impress\u00e3o digital pode representar 70% do tempo de voto por eleitor. Com a&hellip;<\/p>\n","protected":false},"author":1,"featured_media":17564,"comment_status":"open","ping_status":"open","sticky":false,"template":"","format":"standard","meta":{"footnotes":""},"categories":[1],"tags":[],"class_list":["post-17563","post","type-post","status-publish","format-standard","has-post-thumbnail","hentry","category-noticias"],"_links":{"self":[{"href":"https:\/\/blogdorogeriogomes.com.br\/noticias\/wp-json\/wp\/v2\/posts\/17563","targetHints":{"allow":["GET"]}}],"collection":[{"href":"https:\/\/blogdorogeriogomes.com.br\/noticias\/wp-json\/wp\/v2\/posts"}],"about":[{"href":"https:\/\/blogdorogeriogomes.com.br\/noticias\/wp-json\/wp\/v2\/types\/post"}],"author":[{"embeddable":true,"href":"https:\/\/blogdorogeriogomes.com.br\/noticias\/wp-json\/wp\/v2\/users\/1"}],"replies":[{"embeddable":true,"href":"https:\/\/blogdorogeriogomes.com.br\/noticias\/wp-json\/wp\/v2\/comments?post=17563"}],"version-history":[{"count":2,"href":"https:\/\/blogdorogeriogomes.com.br\/noticias\/wp-json\/wp\/v2\/posts\/17563\/revisions"}],"predecessor-version":[{"id":17586,"href":"https:\/\/blogdorogeriogomes.com.br\/noticias\/wp-json\/wp\/v2\/posts\/17563\/revisions\/17586"}],"wp:featuredmedia":[{"embeddable":true,"href":"https:\/\/blogdorogeriogomes.com.br\/noticias\/wp-json\/wp\/v2\/media\/17564"}],"wp:attachment":[{"href":"https:\/\/blogdorogeriogomes.com.br\/noticias\/wp-json\/wp\/v2\/media?parent=17563"}],"wp:term":[{"taxonomy":"category","embeddable":true,"href":"https:\/\/blogdorogeriogomes.com.br\/noticias\/wp-json\/wp\/v2\/categories?post=17563"},{"taxonomy":"post_tag","embeddable":true,"href":"https:\/\/blogdorogeriogomes.com.br\/noticias\/wp-json\/wp\/v2\/tags?post=17563"}],"curies":[{"name":"wp","href":"https:\/\/api.w.org\/{rel}","templated":true}]}}