{"id":17569,"date":"2020-07-16T09:28:14","date_gmt":"2020-07-16T09:28:14","guid":{"rendered":"https:\/\/blogdorogeriogomes.com.br\/?p=17569"},"modified":"2020-07-17T11:14:04","modified_gmt":"2020-07-17T11:14:04","slug":"vereadores-de-fortaleza-aprovam-ldo-de-2021-e-autorizacao-para-transporte-escolar-realizar-frete-durante-a-pandemia","status":"publish","type":"post","link":"https:\/\/blogdorogeriogomes.com.br\/noticias\/2020\/07\/vereadores-de-fortaleza-aprovam-ldo-de-2021-e-autorizacao-para-transporte-escolar-realizar-frete-durante-a-pandemia\/","title":{"rendered":"Vereadores de Fortaleza aprovam LDO de 2021 e autoriza\u00e7\u00e3o para transporte escolar realizar frete durante a pandemia"},"content":{"rendered":"\n<p>Os vereadores de Fortaleza aprovaram, em sess\u00e3o remota, nesta quarta-feira, dia 15 de julho, dois projetos importantes. Um deles \u00e9 o que trata da Lei de Diretrizes Or\u00e7ament\u00e1rias (LDO) para 2021. O projeto, de autoria do prefeito Roberto Cl\u00e1udio (PDT), recebeu oito emendas parlamentares, sendo uma de autoria do vereador Renan Colares (PDT) e sete de autoria do vereador Sargento Reginauro (Pros). Est\u00e3o previstos gastos de R$ 9,1 bilh\u00f5es, tanto para despesas como para investimentos, mas a LDO prev\u00ea uma queda de at\u00e9 R$ 200 milh\u00f5es na receita da Prefeitura de Fortaleza.<\/p>\n\n\n\n<p>O outro projeto votado na C\u00e2mara Municipal  autoriza os ve\u00edculos de transporte escolar a realizarem outras modalidades de transporte por fretamento no munic\u00edpio. A proposta \u00e9 de autoria do vereador Ant\u00f4nio Henrique (PDT). A autoriza\u00e7\u00e3o para que os ve\u00edculos de transporte escolar realizem outros servi\u00e7os de frete dever\u00e1 ter validade at\u00e9 o fim do estado de calamidade p\u00fablica no Munic\u00edpio, que segue at\u00e9 o dia 31 de dezembro de 2020.<\/p>\n\n\n\n<figure class=\"wp-block-image size-large\"><img loading=\"lazy\" decoding=\"async\" width=\"1024\" height=\"576\" src=\"https:\/\/blogdorogeriogomes.com.br\/wp-content\/uploads\/2020\/07\/foto-principal-1-15.07.2020-1024x576.png\" alt=\"\" class=\"wp-image-17570\" srcset=\"https:\/\/blogdorogeriogomes.com.br\/noticias\/wp-content\/uploads\/2020\/07\/foto-principal-1-15.07.2020-1024x576.png 1024w, https:\/\/blogdorogeriogomes.com.br\/noticias\/wp-content\/uploads\/2020\/07\/foto-principal-1-15.07.2020-300x169.png 300w, https:\/\/blogdorogeriogomes.com.br\/noticias\/wp-content\/uploads\/2020\/07\/foto-principal-1-15.07.2020-768x432.png 768w, https:\/\/blogdorogeriogomes.com.br\/noticias\/wp-content\/uploads\/2020\/07\/foto-principal-1-15.07.2020-1536x864.png 1536w, https:\/\/blogdorogeriogomes.com.br\/noticias\/wp-content\/uploads\/2020\/07\/foto-principal-1-15.07.2020-800x450.png 800w, https:\/\/blogdorogeriogomes.com.br\/noticias\/wp-content\/uploads\/2020\/07\/foto-principal-1-15.07.2020.png 1920w\" sizes=\"auto, (max-width: 1024px) 100vw, 1024px\" \/><\/figure>\n\n\n\n<p><\/p>\n","protected":false},"excerpt":{"rendered":"<p>Os vereadores de Fortaleza aprovaram, em sess\u00e3o remota, nesta quarta-feira, dia 15 de julho, dois projetos importantes. Um deles \u00e9 o que trata da Lei de Diretrizes Or\u00e7ament\u00e1rias (LDO) para 2021. O projeto, de autoria do prefeito Roberto Cl\u00e1udio (PDT), recebeu oito emendas parlamentares, sendo uma de autoria do vereador Renan Colares (PDT) e sete de autoria do vereador Sargento Reginauro (Pros). Est\u00e3o previstos gastos de R$ 9,1 bilh\u00f5es, tanto para despesas como para investimentos, mas a LDO prev\u00ea&hellip;<\/p>\n","protected":false},"author":1,"featured_media":17570,"comment_status":"open","ping_status":"open","sticky":false,"template":"","format":"standard","meta":{"footnotes":""},"categories":[1],"tags":[],"class_list":["post-17569","post","type-post","status-publish","format-standard","has-post-thumbnail","hentry","category-noticias"],"_links":{"self":[{"href":"https:\/\/blogdorogeriogomes.com.br\/noticias\/wp-json\/wp\/v2\/posts\/17569","targetHints":{"allow":["GET"]}}],"collection":[{"href":"https:\/\/blogdorogeriogomes.com.br\/noticias\/wp-json\/wp\/v2\/posts"}],"about":[{"href":"https:\/\/blogdorogeriogomes.com.br\/noticias\/wp-json\/wp\/v2\/types\/post"}],"author":[{"embeddable":true,"href":"https:\/\/blogdorogeriogomes.com.br\/noticias\/wp-json\/wp\/v2\/users\/1"}],"replies":[{"embeddable":true,"href":"https:\/\/blogdorogeriogomes.com.br\/noticias\/wp-json\/wp\/v2\/comments?post=17569"}],"version-history":[{"count":1,"href":"https:\/\/blogdorogeriogomes.com.br\/noticias\/wp-json\/wp\/v2\/posts\/17569\/revisions"}],"predecessor-version":[{"id":17571,"href":"https:\/\/blogdorogeriogomes.com.br\/noticias\/wp-json\/wp\/v2\/posts\/17569\/revisions\/17571"}],"wp:featuredmedia":[{"embeddable":true,"href":"https:\/\/blogdorogeriogomes.com.br\/noticias\/wp-json\/wp\/v2\/media\/17570"}],"wp:attachment":[{"href":"https:\/\/blogdorogeriogomes.com.br\/noticias\/wp-json\/wp\/v2\/media?parent=17569"}],"wp:term":[{"taxonomy":"category","embeddable":true,"href":"https:\/\/blogdorogeriogomes.com.br\/noticias\/wp-json\/wp\/v2\/categories?post=17569"},{"taxonomy":"post_tag","embeddable":true,"href":"https:\/\/blogdorogeriogomes.com.br\/noticias\/wp-json\/wp\/v2\/tags?post=17569"}],"curies":[{"name":"wp","href":"https:\/\/api.w.org\/{rel}","templated":true}]}}