{"id":17572,"date":"2020-07-16T19:38:07","date_gmt":"2020-07-16T19:38:07","guid":{"rendered":"https:\/\/blogdorogeriogomes.com.br\/?p=17572"},"modified":"2020-07-17T11:13:53","modified_gmt":"2020-07-17T11:13:53","slug":"assembleia-legislativa-do-ceara-deve-retornar-com-sessao-presencial-no-proximo-dia-23-de-julho","status":"publish","type":"post","link":"https:\/\/blogdorogeriogomes.com.br\/noticias\/2020\/07\/assembleia-legislativa-do-ceara-deve-retornar-com-sessao-presencial-no-proximo-dia-23-de-julho\/","title":{"rendered":"Assembleia Legislativa do Cear\u00e1 deve retornar com sess\u00e3o presencial no pr\u00f3ximo dia 23 de julho"},"content":{"rendered":"\n<p>A Assembleia Legislativa do Cear\u00e1 deve retornar com pelo menos uma sess\u00e3o presencial por semana, a partir do dia 23 de julho. O presidente da Assembleia Legislativa do Cear\u00e1, deputado estadual Jos\u00e9 Sarto (PDT), anunciou que a primeira sess\u00e3o presencial, ap\u00f3s per\u00edodo de distanciamento social, deve ocorrer na pr\u00f3xima quinta-feira, dia 23. Para isso, al\u00e9m dos testes r\u00e1pidos j\u00e1 realizados, deputados, assessores e servidores ser\u00e3o submetidos a exames de PCR nos pr\u00f3ximos dias. A Casa tamb\u00e9m j\u00e1 disp\u00f5e de totens com \u00e1lcool em gel, equipamentos de prote\u00e7\u00e3o individual e sinaliza\u00e7\u00e3o com informa\u00e7\u00f5es sobre distanciamento social e informa\u00e7\u00f5es preventivas.<\/p>\n\n\n\n<p>De acordo com Sarto, a retomada gradual de atividades do Poder Legislativo acompanha a quarta fase do plano de flexibiliza\u00e7\u00e3o das medidas de isolamento social em Fortaleza. \u201cQuando come\u00e7amos a imaginar o retorno, v\u00e1rias datas foram propostas e a proposta que foi acatada pela maioria dos deputados e deputadas foi o retorno com a \u00faltima fase (do plano de flexibiliza\u00e7\u00e3o)\u201d, ressaltou.<\/p>\n\n\n\n<p>Os exames de PCR ser\u00e3o realizados nesta sexta-feira, dia 17 de julho, s\u00e1bado, dia 18, e segunda-feira, dia 20, por agendamento. Far\u00e3o o exame somente deputados, assessores e servidores diretamente ligados ao Plen\u00e1rio, pois, neste primeiro momento, a atividade presencial ser\u00e1 restrita \u00e0 realiza\u00e7\u00e3o de uma sess\u00e3o plen\u00e1ria por semana. O uso das duas tribunas ocorrer\u00e1 de forma alternada, permitindo que a \u00e1rea seja higienizada entre os pronunciamentos. <\/p>\n\n\n\n<p>\u201cDeputados que por acaso estejam no grupo de risco ou que tenham comorbidades podem eventualmente participar da sess\u00e3o em casa. Mas, se quiserem, podem vir \u00e0 Assembleia participar (da sess\u00e3o) do seu gabinete via internet\u201d, enfatizou. Para preservar a seguran\u00e7a de todos, n\u00e3o ser\u00e1 liberado ainda na primeira fase o acesso de visitantes. Servidores que integram grupos de risco continuar\u00e3o em teletrabalho. <\/p>\n\n\n\n<p>Jos\u00e9 Sarto pontuou tamb\u00e9m que a sede da Casa est\u00e1 passando por novo processo de sanitiza\u00e7\u00e3o, medida que j\u00e1 havia sido adotada no in\u00edcio da pandemia. Al\u00e9m disso, foram adquiridos equipamentos de medi\u00e7\u00e3o de temperatura que ajudar\u00e3o no controle de acesso \u00e0s depend\u00eancias da Assembleia.<\/p>\n\n\n\n<figure class=\"wp-block-image size-large\"><img loading=\"lazy\" decoding=\"async\" width=\"1024\" height=\"695\" src=\"https:\/\/blogdorogeriogomes.com.br\/wp-content\/uploads\/2020\/07\/IMG-20200716-WA0094-1024x695.jpg\" alt=\"\" class=\"wp-image-17573\" srcset=\"https:\/\/blogdorogeriogomes.com.br\/noticias\/wp-content\/uploads\/2020\/07\/IMG-20200716-WA0094-1024x695.jpg 1024w, https:\/\/blogdorogeriogomes.com.br\/noticias\/wp-content\/uploads\/2020\/07\/IMG-20200716-WA0094-300x204.jpg 300w, https:\/\/blogdorogeriogomes.com.br\/noticias\/wp-content\/uploads\/2020\/07\/IMG-20200716-WA0094-768x521.jpg 768w, https:\/\/blogdorogeriogomes.com.br\/noticias\/wp-content\/uploads\/2020\/07\/IMG-20200716-WA0094-800x543.jpg 800w, https:\/\/blogdorogeriogomes.com.br\/noticias\/wp-content\/uploads\/2020\/07\/IMG-20200716-WA0094.jpg 1280w\" sizes=\"auto, (max-width: 1024px) 100vw, 1024px\" \/><\/figure>\n","protected":false},"excerpt":{"rendered":"<p>A Assembleia Legislativa do Cear\u00e1 deve retornar com pelo menos uma sess\u00e3o presencial por semana, a partir do dia 23 de julho. O presidente da Assembleia Legislativa do Cear\u00e1, deputado estadual Jos\u00e9 Sarto (PDT), anunciou que a primeira sess\u00e3o presencial, ap\u00f3s per\u00edodo de distanciamento social, deve ocorrer na pr\u00f3xima quinta-feira, dia 23. Para isso, al\u00e9m dos testes r\u00e1pidos j\u00e1 realizados, deputados, assessores e servidores ser\u00e3o submetidos a exames de PCR nos pr\u00f3ximos dias. A Casa tamb\u00e9m j\u00e1 disp\u00f5e de&hellip;<\/p>\n","protected":false},"author":1,"featured_media":17573,"comment_status":"open","ping_status":"open","sticky":false,"template":"","format":"standard","meta":{"footnotes":""},"categories":[1],"tags":[],"class_list":["post-17572","post","type-post","status-publish","format-standard","has-post-thumbnail","hentry","category-noticias"],"_links":{"self":[{"href":"https:\/\/blogdorogeriogomes.com.br\/noticias\/wp-json\/wp\/v2\/posts\/17572","targetHints":{"allow":["GET"]}}],"collection":[{"href":"https:\/\/blogdorogeriogomes.com.br\/noticias\/wp-json\/wp\/v2\/posts"}],"about":[{"href":"https:\/\/blogdorogeriogomes.com.br\/noticias\/wp-json\/wp\/v2\/types\/post"}],"author":[{"embeddable":true,"href":"https:\/\/blogdorogeriogomes.com.br\/noticias\/wp-json\/wp\/v2\/users\/1"}],"replies":[{"embeddable":true,"href":"https:\/\/blogdorogeriogomes.com.br\/noticias\/wp-json\/wp\/v2\/comments?post=17572"}],"version-history":[{"count":1,"href":"https:\/\/blogdorogeriogomes.com.br\/noticias\/wp-json\/wp\/v2\/posts\/17572\/revisions"}],"predecessor-version":[{"id":17574,"href":"https:\/\/blogdorogeriogomes.com.br\/noticias\/wp-json\/wp\/v2\/posts\/17572\/revisions\/17574"}],"wp:featuredmedia":[{"embeddable":true,"href":"https:\/\/blogdorogeriogomes.com.br\/noticias\/wp-json\/wp\/v2\/media\/17573"}],"wp:attachment":[{"href":"https:\/\/blogdorogeriogomes.com.br\/noticias\/wp-json\/wp\/v2\/media?parent=17572"}],"wp:term":[{"taxonomy":"category","embeddable":true,"href":"https:\/\/blogdorogeriogomes.com.br\/noticias\/wp-json\/wp\/v2\/categories?post=17572"},{"taxonomy":"post_tag","embeddable":true,"href":"https:\/\/blogdorogeriogomes.com.br\/noticias\/wp-json\/wp\/v2\/tags?post=17572"}],"curies":[{"name":"wp","href":"https:\/\/api.w.org\/{rel}","templated":true}]}}