{"id":17579,"date":"2020-07-17T09:24:29","date_gmt":"2020-07-17T09:24:29","guid":{"rendered":"https:\/\/blogdorogeriogomes.com.br\/?p=17579"},"modified":"2020-07-17T11:13:29","modified_gmt":"2020-07-17T11:13:29","slug":"fabricio-queiroz-presta-primeiro-depoimento-ao-mp-do-rio-atraves-de-video-denuncia-deve-ser-feita-em-agosto","status":"publish","type":"post","link":"https:\/\/blogdorogeriogomes.com.br\/noticias\/2020\/07\/fabricio-queiroz-presta-primeiro-depoimento-ao-mp-do-rio-atraves-de-video-denuncia-deve-ser-feita-em-agosto\/","title":{"rendered":"Fabr\u00edcio Queiroz presta primeiro depoimento ao MP do Rio atrav\u00e9s de v\u00eddeo. Den\u00fancia deve ser feita em agosto"},"content":{"rendered":"\n<p>Em pris\u00e3o domiciliar em seu apartamento no Rio de Janeiro, o ex-assessor da fam\u00edlia Bolsonaro, Fabr\u00edcio Queiroz, prestou nesta quinta-feira, dia 16 de julho, seu primeiro depoimento ao Minist\u00e9rio P\u00fablico do Rio no \u00e2mbito da investiga\u00e7\u00e3o sobre as &#8220;rachadinhas&#8221; no gabinete de Fl\u00e1vio Bolsonaro. A primeira convoca\u00e7\u00e3o foi feita h\u00e1 19 meses, mas, na ocasi\u00e3o, ele se limitou a apresentar um esclarecimento por escrito aos promotores.<\/p>\n\n\n\n<p>O depoimento foi prestado em v\u00eddeo. Queiroz, que est\u00e1 com tornozeleira eletr\u00f4nica, tem a companhia da mulher, M\u00e1rcia Oliveira de Aguiar, que estava foragida antes da decis\u00e3o do Superior Tribunal de Justi\u00e7a favor\u00e1vel ao casal. O suposto operador de Fl\u00e1vio Bolsonaro foi preso no dia 18 de junho e solto na \u00faltima sexta-feira.<\/p>\n\n\n\n<p>O ex-assessor foi ouvido pelos promotores do Grupo de Atua\u00e7\u00e3o Especializada no Combate \u00e0 Corrup\u00e7\u00e3o, que toca a investiga\u00e7\u00e3o contra Fl\u00e1vio Bolsonaro e seus antigos funcion\u00e1rios na Assembleia Legislativa do Rio, quando o hoje senador era deputado estadual. O Minist\u00e9rio P\u00fablico do Rio aguarda o desfecho do julgamento sobre o foro do senador pelo Supremo Tribunal Federal (STF) para apresentar a primeira den\u00fancia do Caso Queiroz. <\/p>\n\n\n\n<figure class=\"wp-block-image size-large\"><img loading=\"lazy\" decoding=\"async\" width=\"715\" height=\"429\" src=\"https:\/\/blogdorogeriogomes.com.br\/wp-content\/uploads\/2020\/07\/images-7-3.jpeg\" alt=\"\" class=\"wp-image-17580\" srcset=\"https:\/\/blogdorogeriogomes.com.br\/noticias\/wp-content\/uploads\/2020\/07\/images-7-3.jpeg 715w, https:\/\/blogdorogeriogomes.com.br\/noticias\/wp-content\/uploads\/2020\/07\/images-7-3-300x180.jpeg 300w\" sizes=\"auto, (max-width: 715px) 100vw, 715px\" \/><\/figure>\n\n\n\n<p><\/p>\n","protected":false},"excerpt":{"rendered":"<p>Em pris\u00e3o domiciliar em seu apartamento no Rio de Janeiro, o ex-assessor da fam\u00edlia Bolsonaro, Fabr\u00edcio Queiroz, prestou nesta quinta-feira, dia 16 de julho, seu primeiro depoimento ao Minist\u00e9rio P\u00fablico do Rio no \u00e2mbito da investiga\u00e7\u00e3o sobre as &#8220;rachadinhas&#8221; no gabinete de Fl\u00e1vio Bolsonaro. A primeira convoca\u00e7\u00e3o foi feita h\u00e1 19 meses, mas, na ocasi\u00e3o, ele se limitou a apresentar um esclarecimento por escrito aos promotores. O depoimento foi prestado em v\u00eddeo. Queiroz, que est\u00e1 com tornozeleira eletr\u00f4nica, tem&hellip;<\/p>\n","protected":false},"author":1,"featured_media":17580,"comment_status":"open","ping_status":"open","sticky":false,"template":"","format":"standard","meta":{"footnotes":""},"categories":[1],"tags":[],"class_list":["post-17579","post","type-post","status-publish","format-standard","has-post-thumbnail","hentry","category-noticias"],"_links":{"self":[{"href":"https:\/\/blogdorogeriogomes.com.br\/noticias\/wp-json\/wp\/v2\/posts\/17579","targetHints":{"allow":["GET"]}}],"collection":[{"href":"https:\/\/blogdorogeriogomes.com.br\/noticias\/wp-json\/wp\/v2\/posts"}],"about":[{"href":"https:\/\/blogdorogeriogomes.com.br\/noticias\/wp-json\/wp\/v2\/types\/post"}],"author":[{"embeddable":true,"href":"https:\/\/blogdorogeriogomes.com.br\/noticias\/wp-json\/wp\/v2\/users\/1"}],"replies":[{"embeddable":true,"href":"https:\/\/blogdorogeriogomes.com.br\/noticias\/wp-json\/wp\/v2\/comments?post=17579"}],"version-history":[{"count":1,"href":"https:\/\/blogdorogeriogomes.com.br\/noticias\/wp-json\/wp\/v2\/posts\/17579\/revisions"}],"predecessor-version":[{"id":17581,"href":"https:\/\/blogdorogeriogomes.com.br\/noticias\/wp-json\/wp\/v2\/posts\/17579\/revisions\/17581"}],"wp:featuredmedia":[{"embeddable":true,"href":"https:\/\/blogdorogeriogomes.com.br\/noticias\/wp-json\/wp\/v2\/media\/17580"}],"wp:attachment":[{"href":"https:\/\/blogdorogeriogomes.com.br\/noticias\/wp-json\/wp\/v2\/media?parent=17579"}],"wp:term":[{"taxonomy":"category","embeddable":true,"href":"https:\/\/blogdorogeriogomes.com.br\/noticias\/wp-json\/wp\/v2\/categories?post=17579"},{"taxonomy":"post_tag","embeddable":true,"href":"https:\/\/blogdorogeriogomes.com.br\/noticias\/wp-json\/wp\/v2\/tags?post=17579"}],"curies":[{"name":"wp","href":"https:\/\/api.w.org\/{rel}","templated":true}]}}