{"id":17589,"date":"2020-07-17T20:19:39","date_gmt":"2020-07-17T20:19:39","guid":{"rendered":"https:\/\/blogdorogeriogomes.com.br\/?p=17589"},"modified":"2020-07-20T13:01:22","modified_gmt":"2020-07-20T13:01:22","slug":"apos-repercussao-negativa-guedes-pode-recuar-sobre-criacao-de-uma-nova-cpmf","status":"publish","type":"post","link":"https:\/\/blogdorogeriogomes.com.br\/noticias\/2020\/07\/apos-repercussao-negativa-guedes-pode-recuar-sobre-criacao-de-uma-nova-cpmf\/","title":{"rendered":"Ap\u00f3s repercuss\u00e3o negativa, Guedes pode recuar sobre cria\u00e7\u00e3o de uma &#8220;nova CPMF&#8221;"},"content":{"rendered":"\n<p>Ap\u00f3s press\u00f5es do presidente da C\u00e2mara dos Deputados, Rodrigo Maia (DEM-RJ), que \u00e9 contra a cria\u00e7\u00e3o da &#8220;nova CPMF&#8221;, o Governo Federal, atrav\u00e9s do ministro da Economia, Paulo Guedes, resgatou o plano original de enviar ao Congresso uma reforma tribut\u00e1ria fatiada.<\/p>\n\n\n\n<p>A primeira parte, prometida para a pr\u00f3xima ter\u00e7a-feira, dia 21 de julho, deve prever a cria\u00e7\u00e3o do Imposto sobre Valor Agregado federal, em substitui\u00e7\u00e3o ao PIS e \u00e0 Cofins. Com isso, a pol\u00eamica proposta de cria\u00e7\u00e3o de um imposto sobre transa\u00e7\u00f5es digitais, nos moldes da CPMF, ficar\u00e1 para depois. Pelo menos \u00e9 o que o ministro Paulo Guedes faz hoje crer ao mercado.<\/p>\n\n\n\n<figure class=\"wp-block-image size-large\"><img loading=\"lazy\" decoding=\"async\" width=\"678\" height=\"452\" src=\"https:\/\/blogdorogeriogomes.com.br\/wp-content\/uploads\/2020\/07\/images-9-1.jpeg\" alt=\"\" class=\"wp-image-17590\" srcset=\"https:\/\/blogdorogeriogomes.com.br\/noticias\/wp-content\/uploads\/2020\/07\/images-9-1.jpeg 678w, https:\/\/blogdorogeriogomes.com.br\/noticias\/wp-content\/uploads\/2020\/07\/images-9-1-300x200.jpeg 300w\" sizes=\"auto, (max-width: 678px) 100vw, 678px\" \/><\/figure>\n","protected":false},"excerpt":{"rendered":"<p>Ap\u00f3s press\u00f5es do presidente da C\u00e2mara dos Deputados, Rodrigo Maia (DEM-RJ), que \u00e9 contra a cria\u00e7\u00e3o da &#8220;nova CPMF&#8221;, o Governo Federal, atrav\u00e9s do ministro da Economia, Paulo Guedes, resgatou o plano original de enviar ao Congresso uma reforma tribut\u00e1ria fatiada. A primeira parte, prometida para a pr\u00f3xima ter\u00e7a-feira, dia 21 de julho, deve prever a cria\u00e7\u00e3o do Imposto sobre Valor Agregado federal, em substitui\u00e7\u00e3o ao PIS e \u00e0 Cofins. Com isso, a pol\u00eamica proposta de cria\u00e7\u00e3o de um&hellip;<\/p>\n","protected":false},"author":1,"featured_media":17590,"comment_status":"open","ping_status":"open","sticky":false,"template":"","format":"standard","meta":{"footnotes":""},"categories":[1],"tags":[],"class_list":["post-17589","post","type-post","status-publish","format-standard","has-post-thumbnail","hentry","category-noticias"],"_links":{"self":[{"href":"https:\/\/blogdorogeriogomes.com.br\/noticias\/wp-json\/wp\/v2\/posts\/17589","targetHints":{"allow":["GET"]}}],"collection":[{"href":"https:\/\/blogdorogeriogomes.com.br\/noticias\/wp-json\/wp\/v2\/posts"}],"about":[{"href":"https:\/\/blogdorogeriogomes.com.br\/noticias\/wp-json\/wp\/v2\/types\/post"}],"author":[{"embeddable":true,"href":"https:\/\/blogdorogeriogomes.com.br\/noticias\/wp-json\/wp\/v2\/users\/1"}],"replies":[{"embeddable":true,"href":"https:\/\/blogdorogeriogomes.com.br\/noticias\/wp-json\/wp\/v2\/comments?post=17589"}],"version-history":[{"count":1,"href":"https:\/\/blogdorogeriogomes.com.br\/noticias\/wp-json\/wp\/v2\/posts\/17589\/revisions"}],"predecessor-version":[{"id":17591,"href":"https:\/\/blogdorogeriogomes.com.br\/noticias\/wp-json\/wp\/v2\/posts\/17589\/revisions\/17591"}],"wp:featuredmedia":[{"embeddable":true,"href":"https:\/\/blogdorogeriogomes.com.br\/noticias\/wp-json\/wp\/v2\/media\/17590"}],"wp:attachment":[{"href":"https:\/\/blogdorogeriogomes.com.br\/noticias\/wp-json\/wp\/v2\/media?parent=17589"}],"wp:term":[{"taxonomy":"category","embeddable":true,"href":"https:\/\/blogdorogeriogomes.com.br\/noticias\/wp-json\/wp\/v2\/categories?post=17589"},{"taxonomy":"post_tag","embeddable":true,"href":"https:\/\/blogdorogeriogomes.com.br\/noticias\/wp-json\/wp\/v2\/tags?post=17589"}],"curies":[{"name":"wp","href":"https:\/\/api.w.org\/{rel}","templated":true}]}}