{"id":17592,"date":"2020-07-17T21:17:19","date_gmt":"2020-07-17T21:17:19","guid":{"rendered":"https:\/\/blogdorogeriogomes.com.br\/?p=17592"},"modified":"2020-07-20T13:01:08","modified_gmt":"2020-07-20T13:01:08","slug":"fortaleza-entra-na-fase-4-a-partir-de-segunda-feira-com-os-restaurantes-podendo-funcionar-no-periodo-da-noite","status":"publish","type":"post","link":"https:\/\/blogdorogeriogomes.com.br\/noticias\/2020\/07\/fortaleza-entra-na-fase-4-a-partir-de-segunda-feira-com-os-restaurantes-podendo-funcionar-no-periodo-da-noite\/","title":{"rendered":"Fortaleza entra na Fase 4 a partir de segunda-feira com os restaurantes podendo funcionar no per\u00edodo da noite"},"content":{"rendered":"\n<p>O governador do Cear\u00e1, Camilo Santana, e o prefeito de Fortaleza, Roberto Cl\u00e1udio, anunciaram, nesta sexta-feira, dia 17 de julho, o avan\u00e7o de Fortaleza para a Fase 4 do plano de retomada da economia, a partir da pr\u00f3xima segunda-feira, 20 de julho. O avan\u00e7o representa a abertura de quase todas as atividades econ\u00f4micas, com exce\u00e7\u00e3o de academias de gin\u00e1stica, eventos e espet\u00e1culos, cinemas, bares e tamb\u00e9m aulas presenciais na rede p\u00fablica e privada.<\/p>\n\n\n\n<p>Uma das atividades que retornam s\u00e3o os restaurantes no per\u00edodo noturno (at\u00e9 \u00e0s 23 horas). Na Fase 3, os restaurantes funcionavam apenas no hor\u00e1rio do almo\u00e7o.<\/p>\n\n\n\n<p>Em rela\u00e7\u00e3o ao restante do Estado, Camilo Santana confirmou que a Regi\u00e3o Metropolitana de Fortaleza passa para a Fase 3 do plano de retomada. A macrorregi\u00e3o Norte avan\u00e7ar\u00e1 para a Fase 1, enquanto que o Cariri permanecer\u00e1 na fase de transi\u00e7\u00e3o, com as cidades de Juazeiro, Crato, Barbalha, Brejo Santo e Iguatu em isolamento r\u00edgido, devido ainda apresentarem n\u00fameros elevados de casos e mortes por Covid-19.<\/p>\n\n\n\n<p>O n\u00famero de pacientes com diagn\u00f3stico positivo de Covid-19 no Cear\u00e1 chegou em 146.064.  Ao todo, 7.166 mortes j\u00e1 foram registradas por causa da doen\u00e7a desde o in\u00edcio da pandemia.<\/p>\n\n\n\n<p>Nesta sexta-feira, dia 17, o Cear\u00e1 recebeu mais um voo com 115 respiradores artificiais para o atendimento essencial de pacientes em est\u00e1gios graves do novo coronav\u00edrus. Al\u00e9m dos aparelhos, o Estado adquiriu ainda toneladas de Equipamentos de Prote\u00e7\u00e3o Individual (EPIs). A carga aterrissou em Fortaleza e ter\u00e1 utiliza\u00e7\u00e3o, em especial, na estrat\u00e9gia de refor\u00e7ar o atendimento no interior do Estado.<\/p>\n\n\n\n<figure class=\"wp-block-image size-large\"><img loading=\"lazy\" decoding=\"async\" width=\"578\" height=\"386\" src=\"https:\/\/blogdorogeriogomes.com.br\/wp-content\/uploads\/2020\/07\/images-10-1.jpeg\" alt=\"\" class=\"wp-image-17593\" srcset=\"https:\/\/blogdorogeriogomes.com.br\/noticias\/wp-content\/uploads\/2020\/07\/images-10-1.jpeg 578w, https:\/\/blogdorogeriogomes.com.br\/noticias\/wp-content\/uploads\/2020\/07\/images-10-1-300x200.jpeg 300w\" sizes=\"auto, (max-width: 578px) 100vw, 578px\" \/><\/figure>\n\n\n\n<p>&nbsp;<\/p>\n","protected":false},"excerpt":{"rendered":"<p>O governador do Cear\u00e1, Camilo Santana, e o prefeito de Fortaleza, Roberto Cl\u00e1udio, anunciaram, nesta sexta-feira, dia 17 de julho, o avan\u00e7o de Fortaleza para a Fase 4 do plano de retomada da economia, a partir da pr\u00f3xima segunda-feira, 20 de julho. O avan\u00e7o representa a abertura de quase todas as atividades econ\u00f4micas, com exce\u00e7\u00e3o de academias de gin\u00e1stica, eventos e espet\u00e1culos, cinemas, bares e tamb\u00e9m aulas presenciais na rede p\u00fablica e privada. Uma das atividades que retornam s\u00e3o&hellip;<\/p>\n","protected":false},"author":1,"featured_media":17593,"comment_status":"open","ping_status":"open","sticky":false,"template":"","format":"standard","meta":{"footnotes":""},"categories":[1],"tags":[],"class_list":["post-17592","post","type-post","status-publish","format-standard","has-post-thumbnail","hentry","category-noticias"],"_links":{"self":[{"href":"https:\/\/blogdorogeriogomes.com.br\/noticias\/wp-json\/wp\/v2\/posts\/17592","targetHints":{"allow":["GET"]}}],"collection":[{"href":"https:\/\/blogdorogeriogomes.com.br\/noticias\/wp-json\/wp\/v2\/posts"}],"about":[{"href":"https:\/\/blogdorogeriogomes.com.br\/noticias\/wp-json\/wp\/v2\/types\/post"}],"author":[{"embeddable":true,"href":"https:\/\/blogdorogeriogomes.com.br\/noticias\/wp-json\/wp\/v2\/users\/1"}],"replies":[{"embeddable":true,"href":"https:\/\/blogdorogeriogomes.com.br\/noticias\/wp-json\/wp\/v2\/comments?post=17592"}],"version-history":[{"count":2,"href":"https:\/\/blogdorogeriogomes.com.br\/noticias\/wp-json\/wp\/v2\/posts\/17592\/revisions"}],"predecessor-version":[{"id":17612,"href":"https:\/\/blogdorogeriogomes.com.br\/noticias\/wp-json\/wp\/v2\/posts\/17592\/revisions\/17612"}],"wp:featuredmedia":[{"embeddable":true,"href":"https:\/\/blogdorogeriogomes.com.br\/noticias\/wp-json\/wp\/v2\/media\/17593"}],"wp:attachment":[{"href":"https:\/\/blogdorogeriogomes.com.br\/noticias\/wp-json\/wp\/v2\/media?parent=17592"}],"wp:term":[{"taxonomy":"category","embeddable":true,"href":"https:\/\/blogdorogeriogomes.com.br\/noticias\/wp-json\/wp\/v2\/categories?post=17592"},{"taxonomy":"post_tag","embeddable":true,"href":"https:\/\/blogdorogeriogomes.com.br\/noticias\/wp-json\/wp\/v2\/tags?post=17592"}],"curies":[{"name":"wp","href":"https:\/\/api.w.org\/{rel}","templated":true}]}}