{"id":17595,"date":"2020-07-17T23:58:38","date_gmt":"2020-07-17T23:58:38","guid":{"rendered":"https:\/\/blogdorogeriogomes.com.br\/?p=17595"},"modified":"2020-07-20T13:00:59","modified_gmt":"2020-07-20T13:00:59","slug":"pdt-anuncia-cinco-pre-candidatos-para-concorrer-a-prefeitura-de-fortaleza","status":"publish","type":"post","link":"https:\/\/blogdorogeriogomes.com.br\/noticias\/2020\/07\/pdt-anuncia-cinco-pre-candidatos-para-concorrer-a-prefeitura-de-fortaleza\/","title":{"rendered":"PDT anuncia cinco pr\u00e9 candidatos para concorrer \u00e0 Prefeitura de Fortaleza"},"content":{"rendered":"\n<p>O prefeito de Fortaleza, Roberto Cl\u00e1udio, e o presidente estadual do PDT, Andr\u00e9 Figueiredo, confirmaram no in\u00edcio da noite desta sexta-feira, dia 17 de julho, os nomes de cinco pr\u00e9 candidatos que poder\u00e3o encabe\u00e7ar a chapa de situa\u00e7\u00e3o \u00e0 sucess\u00e3o municipal de novembro na Capital. Os nomes anunciados foram: Jos\u00e9 Sarto, presidente da Assembleia Legislativa do Cear\u00e1; Samuel Dias, secret\u00e1rio licenciado de Governo de Fortaleza e ex-secret\u00e1rio de Infraestrutura do Munic\u00edpio; Salmito Filho, deputado estadual e ex-presidente da C\u00e2mara Municipal de Fortaleza; Idilvan Alencar, deputado federal e ex-secret\u00e1rio de Educa\u00e7\u00e3o do Cear\u00e1, e Ferruccio Feitosa, secret\u00e1rio licenciado da Regional 2. <br>Neste s\u00e1bado, dia 18, o PSOL tamb\u00e9m deve indicar seus pr\u00e9 candidatos para a sucess\u00e3o de Roberto Cl\u00e1udio. Os nomes a serem lan\u00e7ados s\u00e3o os do deputado estadual Renato Roseno e Helena Vieira, escritora, militante dos Direitos Humanos<br> Todas as candidaturas para prefeito e vereador devem ser chanceladas nas conven\u00e7\u00f5es partid\u00e1rias, que est\u00e3o previstas pelo TSE para acontecer no per\u00edodo entre 31 de agosto e 16 de setembro.  A campanha come\u00e7a em 26 de setembro. O primeiro turno da elei\u00e7\u00e3o ser\u00e1 em 15 de novembro.<\/p>\n\n\n\n<figure class=\"wp-block-image size-large\"><img loading=\"lazy\" decoding=\"async\" width=\"807\" height=\"380\" src=\"https:\/\/blogdorogeriogomes.com.br\/wp-content\/uploads\/2020\/07\/images-11-1.jpeg\" alt=\"\" class=\"wp-image-17596\" srcset=\"https:\/\/blogdorogeriogomes.com.br\/noticias\/wp-content\/uploads\/2020\/07\/images-11-1.jpeg 807w, https:\/\/blogdorogeriogomes.com.br\/noticias\/wp-content\/uploads\/2020\/07\/images-11-1-300x141.jpeg 300w, https:\/\/blogdorogeriogomes.com.br\/noticias\/wp-content\/uploads\/2020\/07\/images-11-1-768x362.jpeg 768w, https:\/\/blogdorogeriogomes.com.br\/noticias\/wp-content\/uploads\/2020\/07\/images-11-1-800x377.jpeg 800w\" sizes=\"auto, (max-width: 807px) 100vw, 807px\" \/><\/figure>\n","protected":false},"excerpt":{"rendered":"<p>O prefeito de Fortaleza, Roberto Cl\u00e1udio, e o presidente estadual do PDT, Andr\u00e9 Figueiredo, confirmaram no in\u00edcio da noite desta sexta-feira, dia 17 de julho, os nomes de cinco pr\u00e9 candidatos que poder\u00e3o encabe\u00e7ar a chapa de situa\u00e7\u00e3o \u00e0 sucess\u00e3o municipal de novembro na Capital. Os nomes anunciados foram: Jos\u00e9 Sarto, presidente da Assembleia Legislativa do Cear\u00e1; Samuel Dias, secret\u00e1rio licenciado de Governo de Fortaleza e ex-secret\u00e1rio de Infraestrutura do Munic\u00edpio; Salmito Filho, deputado estadual e ex-presidente da C\u00e2mara&hellip;<\/p>\n","protected":false},"author":1,"featured_media":17596,"comment_status":"open","ping_status":"open","sticky":false,"template":"","format":"standard","meta":{"footnotes":""},"categories":[1],"tags":[],"class_list":["post-17595","post","type-post","status-publish","format-standard","has-post-thumbnail","hentry","category-noticias"],"_links":{"self":[{"href":"https:\/\/blogdorogeriogomes.com.br\/noticias\/wp-json\/wp\/v2\/posts\/17595","targetHints":{"allow":["GET"]}}],"collection":[{"href":"https:\/\/blogdorogeriogomes.com.br\/noticias\/wp-json\/wp\/v2\/posts"}],"about":[{"href":"https:\/\/blogdorogeriogomes.com.br\/noticias\/wp-json\/wp\/v2\/types\/post"}],"author":[{"embeddable":true,"href":"https:\/\/blogdorogeriogomes.com.br\/noticias\/wp-json\/wp\/v2\/users\/1"}],"replies":[{"embeddable":true,"href":"https:\/\/blogdorogeriogomes.com.br\/noticias\/wp-json\/wp\/v2\/comments?post=17595"}],"version-history":[{"count":1,"href":"https:\/\/blogdorogeriogomes.com.br\/noticias\/wp-json\/wp\/v2\/posts\/17595\/revisions"}],"predecessor-version":[{"id":17597,"href":"https:\/\/blogdorogeriogomes.com.br\/noticias\/wp-json\/wp\/v2\/posts\/17595\/revisions\/17597"}],"wp:featuredmedia":[{"embeddable":true,"href":"https:\/\/blogdorogeriogomes.com.br\/noticias\/wp-json\/wp\/v2\/media\/17596"}],"wp:attachment":[{"href":"https:\/\/blogdorogeriogomes.com.br\/noticias\/wp-json\/wp\/v2\/media?parent=17595"}],"wp:term":[{"taxonomy":"category","embeddable":true,"href":"https:\/\/blogdorogeriogomes.com.br\/noticias\/wp-json\/wp\/v2\/categories?post=17595"},{"taxonomy":"post_tag","embeddable":true,"href":"https:\/\/blogdorogeriogomes.com.br\/noticias\/wp-json\/wp\/v2\/tags?post=17595"}],"curies":[{"name":"wp","href":"https:\/\/api.w.org\/{rel}","templated":true}]}}