{"id":17601,"date":"2020-07-20T09:12:06","date_gmt":"2020-07-20T09:12:06","guid":{"rendered":"https:\/\/blogdorogeriogomes.com.br\/?p=17601"},"modified":"2020-07-20T13:00:37","modified_gmt":"2020-07-20T13:00:37","slug":"fortaleza-inicia-fase-4-nesta-segunda-feira-movimento-nas-praias-durante-o-domingo-foi-considerado-tranquilo","status":"publish","type":"post","link":"https:\/\/blogdorogeriogomes.com.br\/noticias\/2020\/07\/fortaleza-inicia-fase-4-nesta-segunda-feira-movimento-nas-praias-durante-o-domingo-foi-considerado-tranquilo\/","title":{"rendered":"Fortaleza inicia Fase 4 nesta segunda-feira. Movimento nas praias durante o domingo foi considerado tranquilo"},"content":{"rendered":"\n<p>Fortaleza entra nesta segunda-feira, dia 20 de julho, na Fase 4 do plano de retomada das atividades econ\u00f4micas.&nbsp;Entre os setores que poder\u00e3o voltar est\u00e3o o de reabertura de restaurantes at\u00e9 \u00e0s 23 horas, o transporte interestadual de passageiros, a loca\u00e7\u00e3o de autom\u00f3veis com motorista, o com\u00e9rcio de produtos n\u00e3o essenciais e as atividades religiosas, com 100% da capacidade.<\/p>\n\n\n\n<p>O domingo de praia em Fortaleza foi considerado tranquilo com o primeiro fim de semana de reabertura das barracas. Na Praia do Futuro, o movimento foi considerado cerca de 30% abaixo de um domingo normal. Mesmo assim, os donos de barracas buscaram cumprir todo o protocolo de seguran\u00e7a e distanciamento das mesas.<\/p>\n\n\n\n<p>Segundo boletim da Secretaria de Sa\u00fade do Estado, Fortaleza se aproxima dos 40 mil casos confirmados da Covid-19. A capital cearense contabiliza 39.941 diagn\u00f3sticos positivos da doen\u00e7a, com 3.583 \u00f3bitos confirmados. <\/p>\n\n\n\n<figure class=\"wp-block-image size-large\"><img loading=\"lazy\" decoding=\"async\" width=\"750\" height=\"500\" src=\"https:\/\/blogdorogeriogomes.com.br\/wp-content\/uploads\/2020\/07\/1_movimentacao_praia_do_futuro_fortaleza_opovo_4-13071605.jpg\" alt=\"\" class=\"wp-image-17602\" srcset=\"https:\/\/blogdorogeriogomes.com.br\/noticias\/wp-content\/uploads\/2020\/07\/1_movimentacao_praia_do_futuro_fortaleza_opovo_4-13071605.jpg 750w, https:\/\/blogdorogeriogomes.com.br\/noticias\/wp-content\/uploads\/2020\/07\/1_movimentacao_praia_do_futuro_fortaleza_opovo_4-13071605-300x200.jpg 300w\" sizes=\"auto, (max-width: 750px) 100vw, 750px\" \/><\/figure>\n\n\n\n<p><\/p>\n","protected":false},"excerpt":{"rendered":"<p>Fortaleza entra nesta segunda-feira, dia 20 de julho, na Fase 4 do plano de retomada das atividades econ\u00f4micas.&nbsp;Entre os setores que poder\u00e3o voltar est\u00e3o o de reabertura de restaurantes at\u00e9 \u00e0s 23 horas, o transporte interestadual de passageiros, a loca\u00e7\u00e3o de autom\u00f3veis com motorista, o com\u00e9rcio de produtos n\u00e3o essenciais e as atividades religiosas, com 100% da capacidade. O domingo de praia em Fortaleza foi considerado tranquilo com o primeiro fim de semana de reabertura das barracas. Na Praia&hellip;<\/p>\n","protected":false},"author":1,"featured_media":17602,"comment_status":"open","ping_status":"open","sticky":false,"template":"","format":"standard","meta":{"footnotes":""},"categories":[1],"tags":[],"class_list":["post-17601","post","type-post","status-publish","format-standard","has-post-thumbnail","hentry","category-noticias"],"_links":{"self":[{"href":"https:\/\/blogdorogeriogomes.com.br\/noticias\/wp-json\/wp\/v2\/posts\/17601","targetHints":{"allow":["GET"]}}],"collection":[{"href":"https:\/\/blogdorogeriogomes.com.br\/noticias\/wp-json\/wp\/v2\/posts"}],"about":[{"href":"https:\/\/blogdorogeriogomes.com.br\/noticias\/wp-json\/wp\/v2\/types\/post"}],"author":[{"embeddable":true,"href":"https:\/\/blogdorogeriogomes.com.br\/noticias\/wp-json\/wp\/v2\/users\/1"}],"replies":[{"embeddable":true,"href":"https:\/\/blogdorogeriogomes.com.br\/noticias\/wp-json\/wp\/v2\/comments?post=17601"}],"version-history":[{"count":2,"href":"https:\/\/blogdorogeriogomes.com.br\/noticias\/wp-json\/wp\/v2\/posts\/17601\/revisions"}],"predecessor-version":[{"id":17611,"href":"https:\/\/blogdorogeriogomes.com.br\/noticias\/wp-json\/wp\/v2\/posts\/17601\/revisions\/17611"}],"wp:featuredmedia":[{"embeddable":true,"href":"https:\/\/blogdorogeriogomes.com.br\/noticias\/wp-json\/wp\/v2\/media\/17602"}],"wp:attachment":[{"href":"https:\/\/blogdorogeriogomes.com.br\/noticias\/wp-json\/wp\/v2\/media?parent=17601"}],"wp:term":[{"taxonomy":"category","embeddable":true,"href":"https:\/\/blogdorogeriogomes.com.br\/noticias\/wp-json\/wp\/v2\/categories?post=17601"},{"taxonomy":"post_tag","embeddable":true,"href":"https:\/\/blogdorogeriogomes.com.br\/noticias\/wp-json\/wp\/v2\/tags?post=17601"}],"curies":[{"name":"wp","href":"https:\/\/api.w.org\/{rel}","templated":true}]}}