{"id":17604,"date":"2020-07-20T09:29:22","date_gmt":"2020-07-20T09:29:22","guid":{"rendered":"https:\/\/blogdorogeriogomes.com.br\/?p=17604"},"modified":"2020-07-20T13:00:28","modified_gmt":"2020-07-20T13:00:28","slug":"deputados-federais-iniciam-votacao-da-pec-que-trata-dos-recursos-do-fundeb","status":"publish","type":"post","link":"https:\/\/blogdorogeriogomes.com.br\/noticias\/2020\/07\/deputados-federais-iniciam-votacao-da-pec-que-trata-dos-recursos-do-fundeb\/","title":{"rendered":"Deputados federais iniciam vota\u00e7\u00e3o da PEC que trata dos recursos do Fundeb"},"content":{"rendered":"\n<p>Os deputados federais podem iniciar, nesta segunda-feira, dia 20 de julho, a vota\u00e7\u00e3o da Proposta de Emenda \u00e0 Constitui\u00e7\u00e3o (PEC) que trata do Fundo de Manuten\u00e7\u00e3o e Desenvolvimento da Educa\u00e7\u00e3o B\u00e1sica e de Valoriza\u00e7\u00e3o dos Profissionais da Educa\u00e7\u00e3o (Fundeb). Apesar de estar em discuss\u00e3o pelo legislativo federal desde 2015 &#8211; tendo sido uma pauta intensificada desde o in\u00edcio da atual legislatura -, apenas neste fim de semana o Governo Federal apresentou uma contraproposta, que pode desidratar o texto original da PEC.<\/p>\n\n\n\n<p>Dois dias antes da vota\u00e7\u00e3o na C\u00e2mara dos Deputados, o Planalto sugeriu a l\u00edderes partid\u00e1rios que o novo Fundeb s\u00f3 come\u00e7asse a vigorar em 2022 e que a complementa\u00e7\u00e3o adicional da Uni\u00e3o fosse repartida entre o Fundo e o Renda Brasil, programa que deve substituir o Bolsa Fam\u00edlia.<\/p>\n\n\n\n<figure class=\"wp-block-image size-large\"><img loading=\"lazy\" decoding=\"async\" width=\"1000\" height=\"562\" src=\"https:\/\/blogdorogeriogomes.com.br\/wp-content\/uploads\/2020\/07\/CAMARA.jpg\" alt=\"\" class=\"wp-image-17605\" srcset=\"https:\/\/blogdorogeriogomes.com.br\/noticias\/wp-content\/uploads\/2020\/07\/CAMARA.jpg 1000w, https:\/\/blogdorogeriogomes.com.br\/noticias\/wp-content\/uploads\/2020\/07\/CAMARA-300x169.jpg 300w, https:\/\/blogdorogeriogomes.com.br\/noticias\/wp-content\/uploads\/2020\/07\/CAMARA-768x432.jpg 768w, https:\/\/blogdorogeriogomes.com.br\/noticias\/wp-content\/uploads\/2020\/07\/CAMARA-800x450.jpg 800w\" sizes=\"auto, (max-width: 1000px) 100vw, 1000px\" \/><\/figure>\n","protected":false},"excerpt":{"rendered":"<p>Os deputados federais podem iniciar, nesta segunda-feira, dia 20 de julho, a vota\u00e7\u00e3o da Proposta de Emenda \u00e0 Constitui\u00e7\u00e3o (PEC) que trata do Fundo de Manuten\u00e7\u00e3o e Desenvolvimento da Educa\u00e7\u00e3o B\u00e1sica e de Valoriza\u00e7\u00e3o dos Profissionais da Educa\u00e7\u00e3o (Fundeb). Apesar de estar em discuss\u00e3o pelo legislativo federal desde 2015 &#8211; tendo sido uma pauta intensificada desde o in\u00edcio da atual legislatura -, apenas neste fim de semana o Governo Federal apresentou uma contraproposta, que pode desidratar o texto original&hellip;<\/p>\n","protected":false},"author":1,"featured_media":17605,"comment_status":"open","ping_status":"open","sticky":false,"template":"","format":"standard","meta":{"footnotes":""},"categories":[1],"tags":[],"class_list":["post-17604","post","type-post","status-publish","format-standard","has-post-thumbnail","hentry","category-noticias"],"_links":{"self":[{"href":"https:\/\/blogdorogeriogomes.com.br\/noticias\/wp-json\/wp\/v2\/posts\/17604","targetHints":{"allow":["GET"]}}],"collection":[{"href":"https:\/\/blogdorogeriogomes.com.br\/noticias\/wp-json\/wp\/v2\/posts"}],"about":[{"href":"https:\/\/blogdorogeriogomes.com.br\/noticias\/wp-json\/wp\/v2\/types\/post"}],"author":[{"embeddable":true,"href":"https:\/\/blogdorogeriogomes.com.br\/noticias\/wp-json\/wp\/v2\/users\/1"}],"replies":[{"embeddable":true,"href":"https:\/\/blogdorogeriogomes.com.br\/noticias\/wp-json\/wp\/v2\/comments?post=17604"}],"version-history":[{"count":1,"href":"https:\/\/blogdorogeriogomes.com.br\/noticias\/wp-json\/wp\/v2\/posts\/17604\/revisions"}],"predecessor-version":[{"id":17606,"href":"https:\/\/blogdorogeriogomes.com.br\/noticias\/wp-json\/wp\/v2\/posts\/17604\/revisions\/17606"}],"wp:featuredmedia":[{"embeddable":true,"href":"https:\/\/blogdorogeriogomes.com.br\/noticias\/wp-json\/wp\/v2\/media\/17605"}],"wp:attachment":[{"href":"https:\/\/blogdorogeriogomes.com.br\/noticias\/wp-json\/wp\/v2\/media?parent=17604"}],"wp:term":[{"taxonomy":"category","embeddable":true,"href":"https:\/\/blogdorogeriogomes.com.br\/noticias\/wp-json\/wp\/v2\/categories?post=17604"},{"taxonomy":"post_tag","embeddable":true,"href":"https:\/\/blogdorogeriogomes.com.br\/noticias\/wp-json\/wp\/v2\/tags?post=17604"}],"curies":[{"name":"wp","href":"https:\/\/api.w.org\/{rel}","templated":true}]}}