{"id":17616,"date":"2020-07-20T19:59:26","date_gmt":"2020-07-20T19:59:26","guid":{"rendered":"https:\/\/blogdorogeriogomes.com.br\/?p=17616"},"modified":"2020-07-21T13:11:56","modified_gmt":"2020-07-21T13:11:56","slug":"assembleia-legislativa-tera-sessao-presencial-na-quinta-feira-com-protocolos-de-seguranca-contra-a-covid-19","status":"publish","type":"post","link":"https:\/\/blogdorogeriogomes.com.br\/noticias\/2020\/07\/assembleia-legislativa-tera-sessao-presencial-na-quinta-feira-com-protocolos-de-seguranca-contra-a-covid-19\/","title":{"rendered":"Assembleia Legislativa ter\u00e1 sess\u00e3o presencial na quinta-feira com protocolos de seguran\u00e7a contra a Covid-19"},"content":{"rendered":"\n<p>O presidente da Assembleia Legislativa do Cear\u00e1, deputado Jos\u00e9 Sarto (PDT), visitou setores do Parlamento nesta segunda-feira, dia 20 de julho, para conferir medidas sanit\u00e1rias adotadas para a retomada das atividades presenciais. Ele tamb\u00e9m fez exame de PCR, teste biol\u00f3gico para detec\u00e7\u00e3o de Covid-19, etapa que deputados e servidores est\u00e3o cumprindo para a realiza\u00e7\u00e3o de sess\u00e3o plen\u00e1ria nesta quinta-feira, dia 23.<\/p>\n\n\n\n<p>De acordo com Sarto, esta etapa foi precedida de uma cautelosa averigua\u00e7\u00e3o junto \u00e0s autoridades de Sa\u00fade do Estado e do Munic\u00edpio sobre medidas que pudessem ser tomadas pela Assembleia para prevenir cont\u00e1gios. \u201cEstudamos passo a passo as medidas de seguran\u00e7a que s\u00e3o fundamentais para garantir a sa\u00fade de todos os deputados, servidores e imprensa\u201d, enfatizou.<\/p>\n\n\n\n<p>Ele acompanhou, nesta manh\u00e3, os \u00faltimos preparativos para a realiza\u00e7\u00e3o da sess\u00e3o plen\u00e1ria. Totens com \u00e1lcool em gel e equipamentos de prote\u00e7\u00e3o individual foram disponibilizados. A Casa est\u00e1 sinalizada sobre distanciamento social, higiene e utiliza\u00e7\u00e3o dos espa\u00e7os. Al\u00e9m disso, foram adquiridos equipamentos de medi\u00e7\u00e3o de temperatura que ajudar\u00e3o no controle de acesso \u00e0s depend\u00eancias da Casa. Por enquanto, est\u00e3o suspensos eventos e atendimento ao p\u00fablico.<\/p>\n\n\n\n<p>\u201cJ\u00e1 fizemos testes r\u00e1pidos. Isso para deputados, assessores, servidores, imprensa, seguran\u00e7a, terceirizados que nos ajudam na manuten\u00e7\u00e3o da higieniza\u00e7\u00e3o. Fizemos ressanitiza\u00e7\u00e3o, que \u00e9 um processo de higieniza\u00e7\u00e3o mais aprofundado\u201d, destacou. Servidores continuar\u00e3o trabalhando de forma remota, exceto aqueles que s\u00e3o necess\u00e1rios para o funcionamento administrativo e a realiza\u00e7\u00e3o da sess\u00e3o.<\/p>\n\n\n\n<p>Na quinta-feira, os deputados estaduais dever\u00e3o registrar presen\u00e7a e voto somente nos terminais eletr\u00f4nicos correspondentes \u00e0s pr\u00f3prias bancadas. Ser\u00e1 permitida a cada parlamentar a presen\u00e7a de at\u00e9 quatro assessores por gabinete, no entanto somente um poder\u00e1 ter acesso ao plen\u00e1rio. <\/p>\n\n\n\n<p>Sarto enalteceu ferramenta desenvolvida pelos setores de tecnologia da informa\u00e7\u00e3o e de comunica\u00e7\u00e3o da Casa, que permitir\u00e1 a realiza\u00e7\u00e3o de sess\u00e3o num modelo h\u00edbrido, presencial e remoto. Segundo ele, o formato permitir\u00e1 que deputados que integram o grupo de risco participem da sess\u00e3o de forma remota, se desejarem, inclusive do pr\u00f3prio gabinete.<\/p>\n\n\n\n<p>O presidente da Assembleia acrescenta que os parlamentares poder\u00e3o apartear um orador pela internet. Aqueles que estiverem presencialmente no Plen\u00e1rio usar\u00e3o as tribunas de forma alternada, garantindo a higieniza\u00e7\u00e3o dos espa\u00e7os entre os pronunciamentos.<\/p>\n\n\n\n<figure class=\"wp-block-image size-large\"><img loading=\"lazy\" decoding=\"async\" width=\"1024\" height=\"682\" src=\"https:\/\/blogdorogeriogomes.com.br\/wp-content\/uploads\/2020\/07\/IMG-20200720-WA0144-1024x682.jpg\" alt=\"\" class=\"wp-image-17617\" srcset=\"https:\/\/blogdorogeriogomes.com.br\/noticias\/wp-content\/uploads\/2020\/07\/IMG-20200720-WA0144-1024x682.jpg 1024w, https:\/\/blogdorogeriogomes.com.br\/noticias\/wp-content\/uploads\/2020\/07\/IMG-20200720-WA0144-300x200.jpg 300w, https:\/\/blogdorogeriogomes.com.br\/noticias\/wp-content\/uploads\/2020\/07\/IMG-20200720-WA0144-768x512.jpg 768w, https:\/\/blogdorogeriogomes.com.br\/noticias\/wp-content\/uploads\/2020\/07\/IMG-20200720-WA0144-800x533.jpg 800w, https:\/\/blogdorogeriogomes.com.br\/noticias\/wp-content\/uploads\/2020\/07\/IMG-20200720-WA0144.jpg 1280w\" sizes=\"auto, (max-width: 1024px) 100vw, 1024px\" \/><\/figure>\n","protected":false},"excerpt":{"rendered":"<p>O presidente da Assembleia Legislativa do Cear\u00e1, deputado Jos\u00e9 Sarto (PDT), visitou setores do Parlamento nesta segunda-feira, dia 20 de julho, para conferir medidas sanit\u00e1rias adotadas para a retomada das atividades presenciais. Ele tamb\u00e9m fez exame de PCR, teste biol\u00f3gico para detec\u00e7\u00e3o de Covid-19, etapa que deputados e servidores est\u00e3o cumprindo para a realiza\u00e7\u00e3o de sess\u00e3o plen\u00e1ria nesta quinta-feira, dia 23. De acordo com Sarto, esta etapa foi precedida de uma cautelosa averigua\u00e7\u00e3o junto \u00e0s autoridades de Sa\u00fade do&hellip;<\/p>\n","protected":false},"author":1,"featured_media":17617,"comment_status":"open","ping_status":"open","sticky":false,"template":"","format":"standard","meta":{"footnotes":""},"categories":[1],"tags":[],"class_list":["post-17616","post","type-post","status-publish","format-standard","has-post-thumbnail","hentry","category-noticias"],"_links":{"self":[{"href":"https:\/\/blogdorogeriogomes.com.br\/noticias\/wp-json\/wp\/v2\/posts\/17616","targetHints":{"allow":["GET"]}}],"collection":[{"href":"https:\/\/blogdorogeriogomes.com.br\/noticias\/wp-json\/wp\/v2\/posts"}],"about":[{"href":"https:\/\/blogdorogeriogomes.com.br\/noticias\/wp-json\/wp\/v2\/types\/post"}],"author":[{"embeddable":true,"href":"https:\/\/blogdorogeriogomes.com.br\/noticias\/wp-json\/wp\/v2\/users\/1"}],"replies":[{"embeddable":true,"href":"https:\/\/blogdorogeriogomes.com.br\/noticias\/wp-json\/wp\/v2\/comments?post=17616"}],"version-history":[{"count":1,"href":"https:\/\/blogdorogeriogomes.com.br\/noticias\/wp-json\/wp\/v2\/posts\/17616\/revisions"}],"predecessor-version":[{"id":17618,"href":"https:\/\/blogdorogeriogomes.com.br\/noticias\/wp-json\/wp\/v2\/posts\/17616\/revisions\/17618"}],"wp:featuredmedia":[{"embeddable":true,"href":"https:\/\/blogdorogeriogomes.com.br\/noticias\/wp-json\/wp\/v2\/media\/17617"}],"wp:attachment":[{"href":"https:\/\/blogdorogeriogomes.com.br\/noticias\/wp-json\/wp\/v2\/media?parent=17616"}],"wp:term":[{"taxonomy":"category","embeddable":true,"href":"https:\/\/blogdorogeriogomes.com.br\/noticias\/wp-json\/wp\/v2\/categories?post=17616"},{"taxonomy":"post_tag","embeddable":true,"href":"https:\/\/blogdorogeriogomes.com.br\/noticias\/wp-json\/wp\/v2\/tags?post=17616"}],"curies":[{"name":"wp","href":"https:\/\/api.w.org\/{rel}","templated":true}]}}