{"id":17619,"date":"2020-07-20T21:13:59","date_gmt":"2020-07-20T21:13:59","guid":{"rendered":"https:\/\/blogdorogeriogomes.com.br\/?p=17619"},"modified":"2020-07-21T13:11:47","modified_gmt":"2020-07-21T13:11:47","slug":"governo-do-estado-inicia-debate-para-abertura-de-mais-setores-da-economia-nas-proximas-semanas","status":"publish","type":"post","link":"https:\/\/blogdorogeriogomes.com.br\/noticias\/2020\/07\/governo-do-estado-inicia-debate-para-abertura-de-mais-setores-da-economia-nas-proximas-semanas\/","title":{"rendered":"Governo do Estado inicia debate para abertura de mais setores da economia nas pr\u00f3ximas semanas"},"content":{"rendered":"\n<p>Ap\u00f3s o in\u00edcio da Fase 4 do plano de retomada econ\u00f4mica em Fortaleza, o Governo do Cear\u00e1 reabre o debate sobre novos setores que podem ser beneficiadas nas pr\u00f3ximas semanas. Aulas presenciais na rede p\u00fablica e particular, academias de gin\u00e1stica, bares, cinemas, eventos e espet\u00e1culos s\u00e3o atividades que podem ser contempladas, de acordo com a melhoria no quadro da Covid-19 na Capital.<\/p>\n\n\n\n<p>Segundo o secret\u00e1rio executivo de Planejamento e Or\u00e7amento da Secretaria de Planejamento e Gest\u00e3o do Cear\u00e1, Fl\u00e1vio Ataliba, a expectativa \u00e9 que sejam criadas mais tr\u00eas fases de abertura para contemplar os setores que est\u00e3o faltando reabrir. O Governo do Estado volta a sentar na mesa com representantes desses setores nessa semana. Os cuidados com o processo de abertura t\u00eam o objetivo de evitar uma segunda onda da Covid-19 em Fortaleza.<\/p>\n\n\n\n<p>O plano a ser discutido inclu\u00ed a volta das aulas presenciais numa primeira fase para 3\u00ba ano do Ensino M\u00e9dio e 5\u00ba ano do Ensino Fundamental 1. O Ensino Fundamental 2 (do 6\u00ba ao 9\u00ba ano) voltaria na segunda fase e o Ensino Superior completando a terceira fase. A Educa\u00e7\u00e3o Infantil ainda n\u00e3o teria data definida.<\/p>\n\n\n\n<p>Em rela\u00e7\u00e3o \u00e0s academias, a proposta seria iniciar com 30% da capacidade das academias e 30% dos alunos. Nas fases seguintes, o funcionamento chegaria a 100% da capacidade. Bares e a realiza\u00e7\u00e3o de eventos tamb\u00e9m retornariam de maneira escalonada, respeitando todos os riscos sanit\u00e1rios.<\/p>\n\n\n\n<figure class=\"wp-block-image size-large\"><img loading=\"lazy\" decoding=\"async\" width=\"450\" height=\"300\" src=\"https:\/\/blogdorogeriogomes.com.br\/wp-content\/uploads\/2020\/07\/images-1-5.jpeg\" alt=\"\" class=\"wp-image-17620\" srcset=\"https:\/\/blogdorogeriogomes.com.br\/noticias\/wp-content\/uploads\/2020\/07\/images-1-5.jpeg 450w, https:\/\/blogdorogeriogomes.com.br\/noticias\/wp-content\/uploads\/2020\/07\/images-1-5-300x200.jpeg 300w\" sizes=\"auto, (max-width: 450px) 100vw, 450px\" \/><\/figure>\n","protected":false},"excerpt":{"rendered":"<p>Ap\u00f3s o in\u00edcio da Fase 4 do plano de retomada econ\u00f4mica em Fortaleza, o Governo do Cear\u00e1 reabre o debate sobre novos setores que podem ser beneficiadas nas pr\u00f3ximas semanas. Aulas presenciais na rede p\u00fablica e particular, academias de gin\u00e1stica, bares, cinemas, eventos e espet\u00e1culos s\u00e3o atividades que podem ser contempladas, de acordo com a melhoria no quadro da Covid-19 na Capital. Segundo o secret\u00e1rio executivo de Planejamento e Or\u00e7amento da Secretaria de Planejamento e Gest\u00e3o do Cear\u00e1, Fl\u00e1vio&hellip;<\/p>\n","protected":false},"author":1,"featured_media":17620,"comment_status":"open","ping_status":"open","sticky":false,"template":"","format":"standard","meta":{"footnotes":""},"categories":[1],"tags":[],"class_list":["post-17619","post","type-post","status-publish","format-standard","has-post-thumbnail","hentry","category-noticias"],"_links":{"self":[{"href":"https:\/\/blogdorogeriogomes.com.br\/noticias\/wp-json\/wp\/v2\/posts\/17619","targetHints":{"allow":["GET"]}}],"collection":[{"href":"https:\/\/blogdorogeriogomes.com.br\/noticias\/wp-json\/wp\/v2\/posts"}],"about":[{"href":"https:\/\/blogdorogeriogomes.com.br\/noticias\/wp-json\/wp\/v2\/types\/post"}],"author":[{"embeddable":true,"href":"https:\/\/blogdorogeriogomes.com.br\/noticias\/wp-json\/wp\/v2\/users\/1"}],"replies":[{"embeddable":true,"href":"https:\/\/blogdorogeriogomes.com.br\/noticias\/wp-json\/wp\/v2\/comments?post=17619"}],"version-history":[{"count":1,"href":"https:\/\/blogdorogeriogomes.com.br\/noticias\/wp-json\/wp\/v2\/posts\/17619\/revisions"}],"predecessor-version":[{"id":17621,"href":"https:\/\/blogdorogeriogomes.com.br\/noticias\/wp-json\/wp\/v2\/posts\/17619\/revisions\/17621"}],"wp:featuredmedia":[{"embeddable":true,"href":"https:\/\/blogdorogeriogomes.com.br\/noticias\/wp-json\/wp\/v2\/media\/17620"}],"wp:attachment":[{"href":"https:\/\/blogdorogeriogomes.com.br\/noticias\/wp-json\/wp\/v2\/media?parent=17619"}],"wp:term":[{"taxonomy":"category","embeddable":true,"href":"https:\/\/blogdorogeriogomes.com.br\/noticias\/wp-json\/wp\/v2\/categories?post=17619"},{"taxonomy":"post_tag","embeddable":true,"href":"https:\/\/blogdorogeriogomes.com.br\/noticias\/wp-json\/wp\/v2\/tags?post=17619"}],"curies":[{"name":"wp","href":"https:\/\/api.w.org\/{rel}","templated":true}]}}