{"id":17623,"date":"2020-07-21T09:20:10","date_gmt":"2020-07-21T09:20:10","guid":{"rendered":"https:\/\/blogdorogeriogomes.com.br\/?p=17623"},"modified":"2020-07-21T13:11:39","modified_gmt":"2020-07-21T13:11:39","slug":"governadores-defendem-aprovacao-imediata-do-fundeb-pela-camara-dos-deputados","status":"publish","type":"post","link":"https:\/\/blogdorogeriogomes.com.br\/noticias\/2020\/07\/governadores-defendem-aprovacao-imediata-do-fundeb-pela-camara-dos-deputados\/","title":{"rendered":"Governadores defendem aprova\u00e7\u00e3o imediata do Fundeb pela C\u00e2mara dos Deputados"},"content":{"rendered":"\n<p>A tentativa de manobra do Governo Federal para desviar recursos da educa\u00e7\u00e3o para criar um novo programa que substitua o Bolsa Fam\u00edlia gerou rea\u00e7\u00e3o de 20 dos 27 governadores. Em nota, eles manifestaram posi\u00e7\u00e3o em favor da imediata aprova\u00e7\u00e3o do Fundeb, conforme foi constru\u00eddo pela C\u00e2mara dos Deputados.&nbsp;O governador do Cear\u00e1, Camilo Santana, foi um dos que assinaram a nota.<\/p>\n\n\n\n<p>A proposta de emenda \u00e0 Constitui\u00e7\u00e3o (PEC) que torna o Fundo de Manuten\u00e7\u00e3o e Desenvolvimento da Educa\u00e7\u00e3o B\u00e1sica e de Valoriza\u00e7\u00e3o dos Profissionais da Educa\u00e7\u00e3o (Fundeb) permanente est\u00e1 em tramita\u00e7\u00e3o na C\u00e2mara.<\/p>\n\n\n\n<p>A vota\u00e7\u00e3o da PEC deve acontecer nesta ter\u00e7a-feira, dia 21 de julho. A proposta do Governo Federal quer transferir parte da complementa\u00e7\u00e3o da Uni\u00e3o no Fundeb para o programa Renda Brasil. A equipe econ\u00f4mica prop\u00f4s usar at\u00e9 R$ 8 bilh\u00f5es por ano fora do teto de gastos para criar um voucher-creche.<\/p>\n\n\n\n<p>A proposta do Governo n\u00e3o foi bem recebida pelos parlamentares e, segundo o presidente da C\u00e2mara dos Deputados, Rodrigo Maia, a tend\u00eancia \u00e9 que seja mantida a transfer\u00eancia de recursos do Fundeb para estados e munic\u00edpios na forma como j\u00e1 foi discutida no Legislativo.<\/p>\n\n\n\n<figure class=\"wp-block-image size-large\"><img loading=\"lazy\" decoding=\"async\" width=\"806\" height=\"381\" src=\"https:\/\/blogdorogeriogomes.com.br\/wp-content\/uploads\/2020\/07\/images-2-4.jpeg\" alt=\"\" class=\"wp-image-17624\" srcset=\"https:\/\/blogdorogeriogomes.com.br\/noticias\/wp-content\/uploads\/2020\/07\/images-2-4.jpeg 806w, https:\/\/blogdorogeriogomes.com.br\/noticias\/wp-content\/uploads\/2020\/07\/images-2-4-300x142.jpeg 300w, https:\/\/blogdorogeriogomes.com.br\/noticias\/wp-content\/uploads\/2020\/07\/images-2-4-768x363.jpeg 768w, https:\/\/blogdorogeriogomes.com.br\/noticias\/wp-content\/uploads\/2020\/07\/images-2-4-800x378.jpeg 800w\" sizes=\"auto, (max-width: 806px) 100vw, 806px\" \/><\/figure>\n","protected":false},"excerpt":{"rendered":"<p>A tentativa de manobra do Governo Federal para desviar recursos da educa\u00e7\u00e3o para criar um novo programa que substitua o Bolsa Fam\u00edlia gerou rea\u00e7\u00e3o de 20 dos 27 governadores. Em nota, eles manifestaram posi\u00e7\u00e3o em favor da imediata aprova\u00e7\u00e3o do Fundeb, conforme foi constru\u00eddo pela C\u00e2mara dos Deputados.&nbsp;O governador do Cear\u00e1, Camilo Santana, foi um dos que assinaram a nota. A proposta de emenda \u00e0 Constitui\u00e7\u00e3o (PEC) que torna o Fundo de Manuten\u00e7\u00e3o e Desenvolvimento da Educa\u00e7\u00e3o B\u00e1sica e&hellip;<\/p>\n","protected":false},"author":1,"featured_media":17624,"comment_status":"open","ping_status":"open","sticky":false,"template":"","format":"standard","meta":{"footnotes":""},"categories":[1],"tags":[],"class_list":["post-17623","post","type-post","status-publish","format-standard","has-post-thumbnail","hentry","category-noticias"],"_links":{"self":[{"href":"https:\/\/blogdorogeriogomes.com.br\/noticias\/wp-json\/wp\/v2\/posts\/17623","targetHints":{"allow":["GET"]}}],"collection":[{"href":"https:\/\/blogdorogeriogomes.com.br\/noticias\/wp-json\/wp\/v2\/posts"}],"about":[{"href":"https:\/\/blogdorogeriogomes.com.br\/noticias\/wp-json\/wp\/v2\/types\/post"}],"author":[{"embeddable":true,"href":"https:\/\/blogdorogeriogomes.com.br\/noticias\/wp-json\/wp\/v2\/users\/1"}],"replies":[{"embeddable":true,"href":"https:\/\/blogdorogeriogomes.com.br\/noticias\/wp-json\/wp\/v2\/comments?post=17623"}],"version-history":[{"count":2,"href":"https:\/\/blogdorogeriogomes.com.br\/noticias\/wp-json\/wp\/v2\/posts\/17623\/revisions"}],"predecessor-version":[{"id":17630,"href":"https:\/\/blogdorogeriogomes.com.br\/noticias\/wp-json\/wp\/v2\/posts\/17623\/revisions\/17630"}],"wp:featuredmedia":[{"embeddable":true,"href":"https:\/\/blogdorogeriogomes.com.br\/noticias\/wp-json\/wp\/v2\/media\/17624"}],"wp:attachment":[{"href":"https:\/\/blogdorogeriogomes.com.br\/noticias\/wp-json\/wp\/v2\/media?parent=17623"}],"wp:term":[{"taxonomy":"category","embeddable":true,"href":"https:\/\/blogdorogeriogomes.com.br\/noticias\/wp-json\/wp\/v2\/categories?post=17623"},{"taxonomy":"post_tag","embeddable":true,"href":"https:\/\/blogdorogeriogomes.com.br\/noticias\/wp-json\/wp\/v2\/tags?post=17623"}],"curies":[{"name":"wp","href":"https:\/\/api.w.org\/{rel}","templated":true}]}}