{"id":17633,"date":"2020-07-21T19:38:00","date_gmt":"2020-07-21T19:38:00","guid":{"rendered":"https:\/\/blogdorogeriogomes.com.br\/?p=17633"},"modified":"2020-07-22T11:55:20","modified_gmt":"2020-07-22T11:55:20","slug":"pf-aponta-repasse-oculto-em-campanha-eleitoral-do-senador-tucano-jose-serra-na-ordem-de-r-5-milhoes","status":"publish","type":"post","link":"https:\/\/blogdorogeriogomes.com.br\/noticias\/2020\/07\/pf-aponta-repasse-oculto-em-campanha-eleitoral-do-senador-tucano-jose-serra-na-ordem-de-r-5-milhoes\/","title":{"rendered":"PF aponta repasse oculto em campanha eleitoral do senador tucano Jos\u00e9 Serra na ordem de R$ 5 milh\u00f5es"},"content":{"rendered":"\n<p>O tucano Jos\u00e9 Serra continua na mira da Pol\u00edcia Federal. Alvos de uma opera\u00e7\u00e3o da PF deflagrada na manh\u00e3 desta ter\u00e7a-feira, dia 21, o senador&nbsp;Jos\u00e9 Serra (PSDB) e o empres\u00e1rio Jos\u00e9 Seripieri, fundador e ex-presidente da Qualicorp, est\u00e3o no \u201ctopo da cadeia criminosa&#8221; investigada pelo repasse oculto de R$ 5 milh\u00f5es que irrigou a campanha do tucano ao Senado em 2014, segundo os investigadores.&nbsp;A a\u00e7\u00e3o foi autorizada pela Justi\u00e7a Eleitoral de S\u00e3o Paulo e acontece no \u00e2mbito da terceira fase da Lava Jato com a Justi\u00e7a Eleitoral em S\u00e3o Paulo.<\/p>\n\n\n\n<p>A Justi\u00e7a Eleitoral determinou o cumprimento de quatro mandados de pris\u00e3o tempor\u00e1ria e outros 15 de busca e apreens\u00e3o relacionados ao caso. Dois im\u00f3veis ligados a Serra em S\u00e3o Paulo e seu gabinete e apartamento funcional em Bras\u00edlia eram alvos de buscas, mas o Senado impediu as buscas da PF e acionou o Supremo Tribunal Federal, que expediu uma liminar no final da manh\u00e3 impedindo a a\u00e7\u00e3o dos investigadores no gabinete. <\/p>\n\n\n\n<p>A pedido do Senado Federal, o presidente do STF, Dias Toffoli, suspendeu o mandado de busca e apreens\u00e3o da Pol\u00edcia Federal que tinha como alvo o gabinete do senador Jos\u00e9 Serra, sob a alegativa de que as buscas seriam indevidas por se tratar de uma investiga\u00e7\u00e3o anterior ao atual mandato do parlamentar.<\/p>\n\n\n\n<figure class=\"wp-block-image size-large\"><img loading=\"lazy\" decoding=\"async\" width=\"800\" height=\"384\" src=\"https:\/\/blogdorogeriogomes.com.br\/wp-content\/uploads\/2020\/07\/images-4-4.jpeg\" alt=\"\" class=\"wp-image-17634\" srcset=\"https:\/\/blogdorogeriogomes.com.br\/noticias\/wp-content\/uploads\/2020\/07\/images-4-4.jpeg 800w, https:\/\/blogdorogeriogomes.com.br\/noticias\/wp-content\/uploads\/2020\/07\/images-4-4-300x144.jpeg 300w, https:\/\/blogdorogeriogomes.com.br\/noticias\/wp-content\/uploads\/2020\/07\/images-4-4-768x369.jpeg 768w\" sizes=\"auto, (max-width: 800px) 100vw, 800px\" \/><\/figure>\n","protected":false},"excerpt":{"rendered":"<p>O tucano Jos\u00e9 Serra continua na mira da Pol\u00edcia Federal. Alvos de uma opera\u00e7\u00e3o da PF deflagrada na manh\u00e3 desta ter\u00e7a-feira, dia 21, o senador&nbsp;Jos\u00e9 Serra (PSDB) e o empres\u00e1rio Jos\u00e9 Seripieri, fundador e ex-presidente da Qualicorp, est\u00e3o no \u201ctopo da cadeia criminosa&#8221; investigada pelo repasse oculto de R$ 5 milh\u00f5es que irrigou a campanha do tucano ao Senado em 2014, segundo os investigadores.&nbsp;A a\u00e7\u00e3o foi autorizada pela Justi\u00e7a Eleitoral de S\u00e3o Paulo e acontece no \u00e2mbito da terceira&hellip;<\/p>\n","protected":false},"author":1,"featured_media":17634,"comment_status":"open","ping_status":"open","sticky":false,"template":"","format":"standard","meta":{"footnotes":""},"categories":[1],"tags":[],"class_list":["post-17633","post","type-post","status-publish","format-standard","has-post-thumbnail","hentry","category-noticias"],"_links":{"self":[{"href":"https:\/\/blogdorogeriogomes.com.br\/noticias\/wp-json\/wp\/v2\/posts\/17633","targetHints":{"allow":["GET"]}}],"collection":[{"href":"https:\/\/blogdorogeriogomes.com.br\/noticias\/wp-json\/wp\/v2\/posts"}],"about":[{"href":"https:\/\/blogdorogeriogomes.com.br\/noticias\/wp-json\/wp\/v2\/types\/post"}],"author":[{"embeddable":true,"href":"https:\/\/blogdorogeriogomes.com.br\/noticias\/wp-json\/wp\/v2\/users\/1"}],"replies":[{"embeddable":true,"href":"https:\/\/blogdorogeriogomes.com.br\/noticias\/wp-json\/wp\/v2\/comments?post=17633"}],"version-history":[{"count":2,"href":"https:\/\/blogdorogeriogomes.com.br\/noticias\/wp-json\/wp\/v2\/posts\/17633\/revisions"}],"predecessor-version":[{"id":17645,"href":"https:\/\/blogdorogeriogomes.com.br\/noticias\/wp-json\/wp\/v2\/posts\/17633\/revisions\/17645"}],"wp:featuredmedia":[{"embeddable":true,"href":"https:\/\/blogdorogeriogomes.com.br\/noticias\/wp-json\/wp\/v2\/media\/17634"}],"wp:attachment":[{"href":"https:\/\/blogdorogeriogomes.com.br\/noticias\/wp-json\/wp\/v2\/media?parent=17633"}],"wp:term":[{"taxonomy":"category","embeddable":true,"href":"https:\/\/blogdorogeriogomes.com.br\/noticias\/wp-json\/wp\/v2\/categories?post=17633"},{"taxonomy":"post_tag","embeddable":true,"href":"https:\/\/blogdorogeriogomes.com.br\/noticias\/wp-json\/wp\/v2\/tags?post=17633"}],"curies":[{"name":"wp","href":"https:\/\/api.w.org\/{rel}","templated":true}]}}