{"id":17636,"date":"2020-07-21T20:10:03","date_gmt":"2020-07-21T20:10:03","guid":{"rendered":"https:\/\/blogdorogeriogomes.com.br\/?p=17636"},"modified":"2020-07-22T11:55:07","modified_gmt":"2020-07-22T11:55:07","slug":"aneel-estende-ate-fim-do-ano-a-proibicao-do-corte-de-energia-eletrica-para-consumidores-de-baixa-renda","status":"publish","type":"post","link":"https:\/\/blogdorogeriogomes.com.br\/noticias\/2020\/07\/aneel-estende-ate-fim-do-ano-a-proibicao-do-corte-de-energia-eletrica-para-consumidores-de-baixa-renda\/","title":{"rendered":"ANEEL estende at\u00e9 fim do ano a proibi\u00e7\u00e3o do corte de energia el\u00e9trica para consumidores de baixa renda"},"content":{"rendered":"\n<p>Uma boa not\u00edcia para consumidores de baixa renda. A Ag\u00eancia Nacional de Energia El\u00e9trica (Aneel) proibiu, nesta ter\u00e7a-feira, dia 21 de julho, o corte de energia el\u00e9trica de fam\u00edlias de baixa renda, por falta de pagamento, at\u00e9 o fim do ano. A regra j\u00e1 tinha sido definida mas, por enquanto, s\u00f3 tinha validade at\u00e9 o fim de julho. <\/p>\n\n\n\n<p>A diretoria da ag\u00eancia reguladora decidiu estender essa norma at\u00e9 o fim do estado de calamidade p\u00fablica pela pandemia do coronav\u00edrus, decretado pelo Congresso Nacional e v\u00e1lido at\u00e9 31 de dezembro.<\/p>\n\n\n\n<p>Essa prorroga\u00e7\u00e3o s\u00f3 vale para os consumidores enquadrados como baixa renda, beneficiados pela Tarifa Social de Energia El\u00e9trica. Para as demais resid\u00eancias e para im\u00f3veis comerciais, o prazo de 31 de julho est\u00e1 mantido.<\/p>\n\n\n\n<figure class=\"wp-block-image size-large\"><img loading=\"lazy\" decoding=\"async\" width=\"739\" height=\"415\" src=\"https:\/\/blogdorogeriogomes.com.br\/wp-content\/uploads\/2020\/07\/images-5-4.jpeg\" alt=\"\" class=\"wp-image-17637\" srcset=\"https:\/\/blogdorogeriogomes.com.br\/noticias\/wp-content\/uploads\/2020\/07\/images-5-4.jpeg 739w, https:\/\/blogdorogeriogomes.com.br\/noticias\/wp-content\/uploads\/2020\/07\/images-5-4-300x168.jpeg 300w\" sizes=\"auto, (max-width: 739px) 100vw, 739px\" \/><\/figure>\n","protected":false},"excerpt":{"rendered":"<p>Uma boa not\u00edcia para consumidores de baixa renda. A Ag\u00eancia Nacional de Energia El\u00e9trica (Aneel) proibiu, nesta ter\u00e7a-feira, dia 21 de julho, o corte de energia el\u00e9trica de fam\u00edlias de baixa renda, por falta de pagamento, at\u00e9 o fim do ano. A regra j\u00e1 tinha sido definida mas, por enquanto, s\u00f3 tinha validade at\u00e9 o fim de julho. A diretoria da ag\u00eancia reguladora decidiu estender essa norma at\u00e9 o fim do estado de calamidade p\u00fablica pela pandemia do coronav\u00edrus,&hellip;<\/p>\n","protected":false},"author":1,"featured_media":17637,"comment_status":"open","ping_status":"open","sticky":false,"template":"","format":"standard","meta":{"footnotes":""},"categories":[1],"tags":[],"class_list":["post-17636","post","type-post","status-publish","format-standard","has-post-thumbnail","hentry","category-noticias"],"_links":{"self":[{"href":"https:\/\/blogdorogeriogomes.com.br\/noticias\/wp-json\/wp\/v2\/posts\/17636","targetHints":{"allow":["GET"]}}],"collection":[{"href":"https:\/\/blogdorogeriogomes.com.br\/noticias\/wp-json\/wp\/v2\/posts"}],"about":[{"href":"https:\/\/blogdorogeriogomes.com.br\/noticias\/wp-json\/wp\/v2\/types\/post"}],"author":[{"embeddable":true,"href":"https:\/\/blogdorogeriogomes.com.br\/noticias\/wp-json\/wp\/v2\/users\/1"}],"replies":[{"embeddable":true,"href":"https:\/\/blogdorogeriogomes.com.br\/noticias\/wp-json\/wp\/v2\/comments?post=17636"}],"version-history":[{"count":1,"href":"https:\/\/blogdorogeriogomes.com.br\/noticias\/wp-json\/wp\/v2\/posts\/17636\/revisions"}],"predecessor-version":[{"id":17638,"href":"https:\/\/blogdorogeriogomes.com.br\/noticias\/wp-json\/wp\/v2\/posts\/17636\/revisions\/17638"}],"wp:featuredmedia":[{"embeddable":true,"href":"https:\/\/blogdorogeriogomes.com.br\/noticias\/wp-json\/wp\/v2\/media\/17637"}],"wp:attachment":[{"href":"https:\/\/blogdorogeriogomes.com.br\/noticias\/wp-json\/wp\/v2\/media?parent=17636"}],"wp:term":[{"taxonomy":"category","embeddable":true,"href":"https:\/\/blogdorogeriogomes.com.br\/noticias\/wp-json\/wp\/v2\/categories?post=17636"},{"taxonomy":"post_tag","embeddable":true,"href":"https:\/\/blogdorogeriogomes.com.br\/noticias\/wp-json\/wp\/v2\/tags?post=17636"}],"curies":[{"name":"wp","href":"https:\/\/api.w.org\/{rel}","templated":true}]}}