{"id":17642,"date":"2020-07-22T09:43:16","date_gmt":"2020-07-22T09:43:16","guid":{"rendered":"https:\/\/blogdorogeriogomes.com.br\/?p=17642"},"modified":"2020-07-22T11:55:46","modified_gmt":"2020-07-22T11:55:46","slug":"brasil-passa-de-81-mil-mortos-por-covid-19-e-tcu-aponta-que-ministerio-da-saude-gastou-menos-de-um-terco-da-verba-prevista-de-combate-a-pandemia","status":"publish","type":"post","link":"https:\/\/blogdorogeriogomes.com.br\/noticias\/2020\/07\/brasil-passa-de-81-mil-mortos-por-covid-19-e-tcu-aponta-que-ministerio-da-saude-gastou-menos-de-um-terco-da-verba-prevista-de-combate-a-pandemia\/","title":{"rendered":"Brasil passa de 81 mil mortos por Covid-19 e TCU aponta que Minist\u00e9rio da Sa\u00fade gastou menos de um ter\u00e7o da verba prevista de combate \u00e0 pandemia"},"content":{"rendered":"\n<p>Na medida que o Brasil superou mais de 81 mil mortos pela Covid-19, o Tribunal de Contas da Uni\u00e3o (TCU) constatou o que j\u00e1 vinha sendo denunciado por v\u00e1rios meios de comunica\u00e7\u00e3o. O Minist\u00e9rio da Sa\u00fade, que ainda tem \u00e0 frente o interino General Eduardo Pazzuelo, s\u00f3 gastou 29% da verba emergencial prevista para combater a pandemia do coronav\u00edrus. A lentid\u00e3o na execu\u00e7\u00e3o de despesas acontece em meio ao caos pol\u00edtico e administrativo e de conflitos com gestores locais. Dos R$ 38,9 bilh\u00f5es prometidos, s\u00f3 R$ 11,4 bilh\u00f5es foram gastos pelo Governo Federal at\u00e9 25 de junho.<\/p>\n\n\n\n<p>Mas n\u00e3o \u00e9 de se impressionar. O presidente Jair Bolsonaro minimizou a gravidade durante toda a pandemia e se op\u00f4s \u00e0 estrat\u00e9gia de distanciamento social adotada por governadores e prefeitos e recomendada pela Organiza\u00e7\u00e3o Mundial de Sa\u00fade e pela comunidade m\u00e9dica nacional.&nbsp;O Brasil chegou hoje a um total de 81.597 mortes provocadas pela Covid-19. Foram 1.346 \u00f3bitos nas \u00faltimas 24 horas.<\/p>\n\n\n\n<p>Para completar o cais na sa\u00fade, dois ministros da Sa\u00fade foram demitidos durante a pandemia. Os m\u00e9dicos Luiz Henrique Mandetta e Nelson Teich foram dispensados porque n\u00e3o concordavam com a forma que Bolsonaro enfrentava a pandemia no Pa\u00eds e porque n\u00e3o aceitaram a imposi\u00e7\u00e3o do presidente de impor o uso da cloroquina no protocolo do Minist\u00e9rio da Sa\u00fade. Hoje, a pasta est\u00e1 repleta de militares nomeados por Pazzuelo em substitui\u00e7\u00e3o a m\u00e9dicos e t\u00e9cnicos.<\/p>\n\n\n\n<figure class=\"wp-block-image size-large\"><img loading=\"lazy\" decoding=\"async\" width=\"610\" height=\"380\" src=\"https:\/\/blogdorogeriogomes.com.br\/wp-content\/uploads\/2020\/07\/20200609140652_aae9dd20b6f49eb4ff72f0229dedcb6e188a2557b8494cd3bcc62f13e54ba575.jpeg\" alt=\"\" class=\"wp-image-17643\" srcset=\"https:\/\/blogdorogeriogomes.com.br\/noticias\/wp-content\/uploads\/2020\/07\/20200609140652_aae9dd20b6f49eb4ff72f0229dedcb6e188a2557b8494cd3bcc62f13e54ba575.jpeg 610w, https:\/\/blogdorogeriogomes.com.br\/noticias\/wp-content\/uploads\/2020\/07\/20200609140652_aae9dd20b6f49eb4ff72f0229dedcb6e188a2557b8494cd3bcc62f13e54ba575-300x187.jpeg 300w\" sizes=\"auto, (max-width: 610px) 100vw, 610px\" \/><\/figure>\n\n\n\n<p><\/p>\n","protected":false},"excerpt":{"rendered":"<p>Na medida que o Brasil superou mais de 81 mil mortos pela Covid-19, o Tribunal de Contas da Uni\u00e3o (TCU) constatou o que j\u00e1 vinha sendo denunciado por v\u00e1rios meios de comunica\u00e7\u00e3o. O Minist\u00e9rio da Sa\u00fade, que ainda tem \u00e0 frente o interino General Eduardo Pazzuelo, s\u00f3 gastou 29% da verba emergencial prevista para combater a pandemia do coronav\u00edrus. A lentid\u00e3o na execu\u00e7\u00e3o de despesas acontece em meio ao caos pol\u00edtico e administrativo e de conflitos com gestores locais.&hellip;<\/p>\n","protected":false},"author":1,"featured_media":17643,"comment_status":"open","ping_status":"open","sticky":false,"template":"","format":"standard","meta":{"footnotes":""},"categories":[1],"tags":[],"class_list":["post-17642","post","type-post","status-publish","format-standard","has-post-thumbnail","hentry","category-noticias"],"_links":{"self":[{"href":"https:\/\/blogdorogeriogomes.com.br\/noticias\/wp-json\/wp\/v2\/posts\/17642","targetHints":{"allow":["GET"]}}],"collection":[{"href":"https:\/\/blogdorogeriogomes.com.br\/noticias\/wp-json\/wp\/v2\/posts"}],"about":[{"href":"https:\/\/blogdorogeriogomes.com.br\/noticias\/wp-json\/wp\/v2\/types\/post"}],"author":[{"embeddable":true,"href":"https:\/\/blogdorogeriogomes.com.br\/noticias\/wp-json\/wp\/v2\/users\/1"}],"replies":[{"embeddable":true,"href":"https:\/\/blogdorogeriogomes.com.br\/noticias\/wp-json\/wp\/v2\/comments?post=17642"}],"version-history":[{"count":2,"href":"https:\/\/blogdorogeriogomes.com.br\/noticias\/wp-json\/wp\/v2\/posts\/17642\/revisions"}],"predecessor-version":[{"id":17646,"href":"https:\/\/blogdorogeriogomes.com.br\/noticias\/wp-json\/wp\/v2\/posts\/17642\/revisions\/17646"}],"wp:featuredmedia":[{"embeddable":true,"href":"https:\/\/blogdorogeriogomes.com.br\/noticias\/wp-json\/wp\/v2\/media\/17643"}],"wp:attachment":[{"href":"https:\/\/blogdorogeriogomes.com.br\/noticias\/wp-json\/wp\/v2\/media?parent=17642"}],"wp:term":[{"taxonomy":"category","embeddable":true,"href":"https:\/\/blogdorogeriogomes.com.br\/noticias\/wp-json\/wp\/v2\/categories?post=17642"},{"taxonomy":"post_tag","embeddable":true,"href":"https:\/\/blogdorogeriogomes.com.br\/noticias\/wp-json\/wp\/v2\/tags?post=17642"}],"curies":[{"name":"wp","href":"https:\/\/api.w.org\/{rel}","templated":true}]}}