{"id":17655,"date":"2020-07-23T09:13:55","date_gmt":"2020-07-23T09:13:55","guid":{"rendered":"https:\/\/blogdorogeriogomes.com.br\/?p=17655"},"modified":"2020-07-23T17:03:42","modified_gmt":"2020-07-23T17:03:42","slug":"vereadores-de-fortaleza-vao-votar-aumento-da-idade-da-frota-de-taxis-e-aplicativos-na-capital-ate-a-proxima-semana","status":"publish","type":"post","link":"https:\/\/blogdorogeriogomes.com.br\/noticias\/2020\/07\/vereadores-de-fortaleza-vao-votar-aumento-da-idade-da-frota-de-taxis-e-aplicativos-na-capital-ate-a-proxima-semana\/","title":{"rendered":"Vereadores de Fortaleza v\u00e3o votar aumento da idade da frota de t\u00e1xis e aplicativos na Capital at\u00e9 a pr\u00f3xima semana"},"content":{"rendered":"\n<p>As dificuldades financeiras enfrentadas por quem atua no servi\u00e7o de t\u00e1xis, aplicativos e transporte escolar em Fortaleza fizeram com que os vereadores da Capital discutam a possibilidade de aumentar a idade da frota de ve\u00edculos que fazem esse tipo de servi\u00e7o. Deve ser votada na pr\u00f3xima semana, na C\u00e2mara Municipal de Fortaleza, a Mensagem do Executivo que amplia a idade m\u00e1xima de ve\u00edculos para novas autoriza\u00e7\u00f5es de t\u00e1xis (de 5 para 6 anos), transportes escolares (de 5 para 6 anos) e transportes por aplicativo (de 6 para 7 anos) na Capital, e prorroga para 2021 o prazo para as vistorias obrigat\u00f3rias, em calend\u00e1rio que ser\u00e1 regulamentado pela Etufor. <\/p>\n\n\n\n<p>A proposta de altera\u00e7\u00e3o na idade dos ve\u00edculos foi encaminhada na ter\u00e7a-feira, dia 21 de julho, pelo prefeito de Fortaleza, Roberto Cl\u00e1udio, e a mensagem vai tramitar em regime de urg\u00eancia.<\/p>\n\n\n\n<p>Os vereadores da Capital tamb\u00e9m aprovaram outras propostas para o setor, como foi o caso do projeto apresentado pelo presidente da Casa, Ant\u00f4nio Henrique (PDT), que autoriza ve\u00edculos de transporte escolar a realizarem outras modalidades de transporte por fretamento na Capital. A medida vale at\u00e9 o dia 31 de dezembro de 2020, quando \u00e9 v\u00e1lido o decreto de calamidade p\u00fablica em Fortaleza por causa da pandemia do coronav\u00edrus.<\/p>\n\n\n\n<figure class=\"wp-block-image size-large\"><img loading=\"lazy\" decoding=\"async\" width=\"800\" height=\"450\" src=\"https:\/\/blogdorogeriogomes.com.br\/wp-content\/uploads\/2020\/07\/foto-1.jpg\" alt=\"\" class=\"wp-image-17656\" srcset=\"https:\/\/blogdorogeriogomes.com.br\/noticias\/wp-content\/uploads\/2020\/07\/foto-1.jpg 800w, https:\/\/blogdorogeriogomes.com.br\/noticias\/wp-content\/uploads\/2020\/07\/foto-1-300x169.jpg 300w, https:\/\/blogdorogeriogomes.com.br\/noticias\/wp-content\/uploads\/2020\/07\/foto-1-768x432.jpg 768w\" sizes=\"auto, (max-width: 800px) 100vw, 800px\" \/><\/figure>\n","protected":false},"excerpt":{"rendered":"<p>As dificuldades financeiras enfrentadas por quem atua no servi\u00e7o de t\u00e1xis, aplicativos e transporte escolar em Fortaleza fizeram com que os vereadores da Capital discutam a possibilidade de aumentar a idade da frota de ve\u00edculos que fazem esse tipo de servi\u00e7o. Deve ser votada na pr\u00f3xima semana, na C\u00e2mara Municipal de Fortaleza, a Mensagem do Executivo que amplia a idade m\u00e1xima de ve\u00edculos para novas autoriza\u00e7\u00f5es de t\u00e1xis (de 5 para 6 anos), transportes escolares (de 5 para 6&hellip;<\/p>\n","protected":false},"author":1,"featured_media":17656,"comment_status":"open","ping_status":"open","sticky":false,"template":"","format":"standard","meta":{"footnotes":""},"categories":[1],"tags":[],"class_list":["post-17655","post","type-post","status-publish","format-standard","has-post-thumbnail","hentry","category-noticias"],"_links":{"self":[{"href":"https:\/\/blogdorogeriogomes.com.br\/noticias\/wp-json\/wp\/v2\/posts\/17655","targetHints":{"allow":["GET"]}}],"collection":[{"href":"https:\/\/blogdorogeriogomes.com.br\/noticias\/wp-json\/wp\/v2\/posts"}],"about":[{"href":"https:\/\/blogdorogeriogomes.com.br\/noticias\/wp-json\/wp\/v2\/types\/post"}],"author":[{"embeddable":true,"href":"https:\/\/blogdorogeriogomes.com.br\/noticias\/wp-json\/wp\/v2\/users\/1"}],"replies":[{"embeddable":true,"href":"https:\/\/blogdorogeriogomes.com.br\/noticias\/wp-json\/wp\/v2\/comments?post=17655"}],"version-history":[{"count":1,"href":"https:\/\/blogdorogeriogomes.com.br\/noticias\/wp-json\/wp\/v2\/posts\/17655\/revisions"}],"predecessor-version":[{"id":17657,"href":"https:\/\/blogdorogeriogomes.com.br\/noticias\/wp-json\/wp\/v2\/posts\/17655\/revisions\/17657"}],"wp:featuredmedia":[{"embeddable":true,"href":"https:\/\/blogdorogeriogomes.com.br\/noticias\/wp-json\/wp\/v2\/media\/17656"}],"wp:attachment":[{"href":"https:\/\/blogdorogeriogomes.com.br\/noticias\/wp-json\/wp\/v2\/media?parent=17655"}],"wp:term":[{"taxonomy":"category","embeddable":true,"href":"https:\/\/blogdorogeriogomes.com.br\/noticias\/wp-json\/wp\/v2\/categories?post=17655"},{"taxonomy":"post_tag","embeddable":true,"href":"https:\/\/blogdorogeriogomes.com.br\/noticias\/wp-json\/wp\/v2\/tags?post=17655"}],"curies":[{"name":"wp","href":"https:\/\/api.w.org\/{rel}","templated":true}]}}