{"id":17658,"date":"2020-07-23T09:40:04","date_gmt":"2020-07-23T09:40:04","guid":{"rendered":"https:\/\/blogdorogeriogomes.com.br\/?p=17658"},"modified":"2020-07-23T17:06:44","modified_gmt":"2020-07-23T17:06:44","slug":"reforma-tributaria-apresentada-por-paulo-guedes-ao-congresso-pode-gerar-aumento-de-impostos-avaliam-os-especialistas","status":"publish","type":"post","link":"https:\/\/blogdorogeriogomes.com.br\/noticias\/2020\/07\/reforma-tributaria-apresentada-por-paulo-guedes-ao-congresso-pode-gerar-aumento-de-impostos-avaliam-os-especialistas\/","title":{"rendered":"Reforma tribut\u00e1ria apresentada por Paulo Guedes ao Congresso pode gerar aumento de impostos, avaliam os especialistas"},"content":{"rendered":"\n<p>O ministro da Economia, Paulo Guedes, entregou esta semana ao Congresso Nacional, em Bras\u00edlia, uma primeira parte da reforma tribut\u00e1ria. Basicamente, esta primeira parte trata apenas de trocar os impostos PIS e Confins por nova contribui\u00e7\u00e3o social eleva carga tribut\u00e1ria, dizem especialistas. A cria\u00e7\u00e3o de uma nova CPMF est\u00e1 de fora, por enquanto, da proposta enviada pelo Governo, ap\u00f3s a m\u00e1 repercuss\u00e3o entre os parlamentares.<\/p>\n\n\n\n<p>Em rela\u00e7\u00e3o ao que j\u00e1 foi enviado, a proposta de reforma tribut\u00e1ria atinge mais os setores de presta\u00e7\u00e3o de servi\u00e7os, como escolas, cabeleireiros, advogados e dentistas. As empresas menores e setores de servi\u00e7os ou que tenham a maior parte dos custos com m\u00e3o de obra devem sofrer mais.<\/p>\n\n\n\n<p>Na pr\u00e1tica, Paulo Guedes prop\u00f5e a troca do PIS e da Cofins por uma nova contribui\u00e7\u00e3o, a Contribui\u00e7\u00e3o Social sobre Opera\u00e7\u00f5es com Bens e Servi\u00e7os (CBS), que tem al\u00edquotas maiores. O PIS e a Cofins somados t\u00eam al\u00edquotas que variam de 3,65% a 9,25%. A CBS ser\u00e1 de 12%.<\/p>\n\n\n\n<figure class=\"wp-block-image size-large\"><img loading=\"lazy\" decoding=\"async\" width=\"680\" height=\"451\" src=\"https:\/\/blogdorogeriogomes.com.br\/wp-content\/uploads\/2020\/07\/images-8-3.jpeg\" alt=\"\" class=\"wp-image-17659\" srcset=\"https:\/\/blogdorogeriogomes.com.br\/noticias\/wp-content\/uploads\/2020\/07\/images-8-3.jpeg 680w, https:\/\/blogdorogeriogomes.com.br\/noticias\/wp-content\/uploads\/2020\/07\/images-8-3-300x199.jpeg 300w\" sizes=\"auto, (max-width: 680px) 100vw, 680px\" \/><\/figure>\n","protected":false},"excerpt":{"rendered":"<p>O ministro da Economia, Paulo Guedes, entregou esta semana ao Congresso Nacional, em Bras\u00edlia, uma primeira parte da reforma tribut\u00e1ria. Basicamente, esta primeira parte trata apenas de trocar os impostos PIS e Confins por nova contribui\u00e7\u00e3o social eleva carga tribut\u00e1ria, dizem especialistas. A cria\u00e7\u00e3o de uma nova CPMF est\u00e1 de fora, por enquanto, da proposta enviada pelo Governo, ap\u00f3s a m\u00e1 repercuss\u00e3o entre os parlamentares. Em rela\u00e7\u00e3o ao que j\u00e1 foi enviado, a proposta de reforma tribut\u00e1ria atinge mais&hellip;<\/p>\n","protected":false},"author":1,"featured_media":17659,"comment_status":"open","ping_status":"open","sticky":false,"template":"","format":"standard","meta":{"footnotes":""},"categories":[1],"tags":[],"class_list":["post-17658","post","type-post","status-publish","format-standard","has-post-thumbnail","hentry","category-noticias"],"_links":{"self":[{"href":"https:\/\/blogdorogeriogomes.com.br\/noticias\/wp-json\/wp\/v2\/posts\/17658","targetHints":{"allow":["GET"]}}],"collection":[{"href":"https:\/\/blogdorogeriogomes.com.br\/noticias\/wp-json\/wp\/v2\/posts"}],"about":[{"href":"https:\/\/blogdorogeriogomes.com.br\/noticias\/wp-json\/wp\/v2\/types\/post"}],"author":[{"embeddable":true,"href":"https:\/\/blogdorogeriogomes.com.br\/noticias\/wp-json\/wp\/v2\/users\/1"}],"replies":[{"embeddable":true,"href":"https:\/\/blogdorogeriogomes.com.br\/noticias\/wp-json\/wp\/v2\/comments?post=17658"}],"version-history":[{"count":1,"href":"https:\/\/blogdorogeriogomes.com.br\/noticias\/wp-json\/wp\/v2\/posts\/17658\/revisions"}],"predecessor-version":[{"id":17660,"href":"https:\/\/blogdorogeriogomes.com.br\/noticias\/wp-json\/wp\/v2\/posts\/17658\/revisions\/17660"}],"wp:featuredmedia":[{"embeddable":true,"href":"https:\/\/blogdorogeriogomes.com.br\/noticias\/wp-json\/wp\/v2\/media\/17659"}],"wp:attachment":[{"href":"https:\/\/blogdorogeriogomes.com.br\/noticias\/wp-json\/wp\/v2\/media?parent=17658"}],"wp:term":[{"taxonomy":"category","embeddable":true,"href":"https:\/\/blogdorogeriogomes.com.br\/noticias\/wp-json\/wp\/v2\/categories?post=17658"},{"taxonomy":"post_tag","embeddable":true,"href":"https:\/\/blogdorogeriogomes.com.br\/noticias\/wp-json\/wp\/v2\/tags?post=17658"}],"curies":[{"name":"wp","href":"https:\/\/api.w.org\/{rel}","templated":true}]}}