{"id":17663,"date":"2020-07-23T18:52:34","date_gmt":"2020-07-23T18:52:34","guid":{"rendered":"https:\/\/blogdorogeriogomes.com.br\/?p=17663"},"modified":"2020-07-24T15:04:18","modified_gmt":"2020-07-24T15:04:18","slug":"assembleia-legislativa-retorna-com-uma-sessao-presencial-e-jose-sarto-promete-concurso-para-mes-de-outubro","status":"publish","type":"post","link":"https:\/\/blogdorogeriogomes.com.br\/noticias\/2020\/07\/assembleia-legislativa-retorna-com-uma-sessao-presencial-e-jose-sarto-promete-concurso-para-mes-de-outubro\/","title":{"rendered":"Assembleia Legislativa retorna com uma sess\u00e3o presencial e Jos\u00e9 Sarto promete concurso para m\u00eas de outubro"},"content":{"rendered":"\n<p>A Assembleia Legislativa do Cear\u00e1 retornou, nesta quinta-feira, dia 23 de julho, com a realiza\u00e7\u00e3o de uma sess\u00e3o presencial desde o in\u00edcio da quarentena por causa do novo coronav\u00edrus. A sess\u00e3o teve&nbsp;33 parlamentares, sendo 28 de forma presencial e cinco deles por meio da plataforma Zoom, por pertencerem ao grupo de risco. <\/p>\n\n\n\n<p>Tamb\u00e9m foram adotadas medidas sanit\u00e1rias para garantir a seguran\u00e7a de deputados e servidores da Casa. Durante a semana, todas as pessoas que participariam da sess\u00e3o presencial foram submetidas a teste da Covid-19.<\/p>\n\n\n\n<p>Na sess\u00e3o de hoje, os deputados estaduais  da Assembleia Legislativa do Cear\u00e1 decidiram aprovar o cancelamento do recesso parlamentar de julho devido \u00e0 pandemia de&nbsp;coronav\u00edrus.<\/p>\n\n\n\n<p>O presidente Jos\u00e9 Sarto tamb\u00e9m confirmou a realiza\u00e7\u00e3o do concurso p\u00fablico da Assembleia Legislativa at\u00e9 outubro, quando devem ser aplicadas as provas. Foram mais de 30 mil inscritos, o que exige uma log\u00edstica para sua realiza\u00e7\u00e3o. \u201cJ\u00e1 disponibilizamos a Assembleia, o Centro de Forma\u00e7\u00e3o Ol\u00edmpica, o Centro de Eventos e o Gin\u00e1sio Paulo Sarasate para a realiza\u00e7\u00e3o das provas e estamos aguardando a defini\u00e7\u00e3o da data pela equipe t\u00e9cnica que coordena o concurso\u201d, disse o presidente da Assembleia Legislativa.<\/p>\n\n\n\n<figure class=\"wp-block-image size-large\"><img loading=\"lazy\" decoding=\"async\" width=\"400\" height=\"259\" src=\"https:\/\/blogdorogeriogomes.com.br\/wp-content\/uploads\/2020\/07\/608c5b8b3562c06cc42e151d1c983a68_L.jpg\" alt=\"\" class=\"wp-image-17664\" srcset=\"https:\/\/blogdorogeriogomes.com.br\/noticias\/wp-content\/uploads\/2020\/07\/608c5b8b3562c06cc42e151d1c983a68_L.jpg 400w, https:\/\/blogdorogeriogomes.com.br\/noticias\/wp-content\/uploads\/2020\/07\/608c5b8b3562c06cc42e151d1c983a68_L-300x194.jpg 300w\" sizes=\"auto, (max-width: 400px) 100vw, 400px\" \/><\/figure>\n","protected":false},"excerpt":{"rendered":"<p>A Assembleia Legislativa do Cear\u00e1 retornou, nesta quinta-feira, dia 23 de julho, com a realiza\u00e7\u00e3o de uma sess\u00e3o presencial desde o in\u00edcio da quarentena por causa do novo coronav\u00edrus. A sess\u00e3o teve&nbsp;33 parlamentares, sendo 28 de forma presencial e cinco deles por meio da plataforma Zoom, por pertencerem ao grupo de risco. Tamb\u00e9m foram adotadas medidas sanit\u00e1rias para garantir a seguran\u00e7a de deputados e servidores da Casa. Durante a semana, todas as pessoas que participariam da sess\u00e3o presencial foram&hellip;<\/p>\n","protected":false},"author":1,"featured_media":17664,"comment_status":"open","ping_status":"open","sticky":false,"template":"","format":"standard","meta":{"footnotes":""},"categories":[1],"tags":[],"class_list":["post-17663","post","type-post","status-publish","format-standard","has-post-thumbnail","hentry","category-noticias"],"_links":{"self":[{"href":"https:\/\/blogdorogeriogomes.com.br\/noticias\/wp-json\/wp\/v2\/posts\/17663","targetHints":{"allow":["GET"]}}],"collection":[{"href":"https:\/\/blogdorogeriogomes.com.br\/noticias\/wp-json\/wp\/v2\/posts"}],"about":[{"href":"https:\/\/blogdorogeriogomes.com.br\/noticias\/wp-json\/wp\/v2\/types\/post"}],"author":[{"embeddable":true,"href":"https:\/\/blogdorogeriogomes.com.br\/noticias\/wp-json\/wp\/v2\/users\/1"}],"replies":[{"embeddable":true,"href":"https:\/\/blogdorogeriogomes.com.br\/noticias\/wp-json\/wp\/v2\/comments?post=17663"}],"version-history":[{"count":2,"href":"https:\/\/blogdorogeriogomes.com.br\/noticias\/wp-json\/wp\/v2\/posts\/17663\/revisions"}],"predecessor-version":[{"id":17677,"href":"https:\/\/blogdorogeriogomes.com.br\/noticias\/wp-json\/wp\/v2\/posts\/17663\/revisions\/17677"}],"wp:featuredmedia":[{"embeddable":true,"href":"https:\/\/blogdorogeriogomes.com.br\/noticias\/wp-json\/wp\/v2\/media\/17664"}],"wp:attachment":[{"href":"https:\/\/blogdorogeriogomes.com.br\/noticias\/wp-json\/wp\/v2\/media?parent=17663"}],"wp:term":[{"taxonomy":"category","embeddable":true,"href":"https:\/\/blogdorogeriogomes.com.br\/noticias\/wp-json\/wp\/v2\/categories?post=17663"},{"taxonomy":"post_tag","embeddable":true,"href":"https:\/\/blogdorogeriogomes.com.br\/noticias\/wp-json\/wp\/v2\/tags?post=17663"}],"curies":[{"name":"wp","href":"https:\/\/api.w.org\/{rel}","templated":true}]}}