{"id":17666,"date":"2020-07-23T22:40:42","date_gmt":"2020-07-23T22:40:42","guid":{"rendered":"https:\/\/blogdorogeriogomes.com.br\/?p=17666"},"modified":"2020-07-24T15:03:55","modified_gmt":"2020-07-24T15:03:55","slug":"camilo-santana-se-reune-nesta-sexta-feira-com-o-comite-cientifico-para-definir-os-proximos-passos-nas-regras-de-isolamento-social","status":"publish","type":"post","link":"https:\/\/blogdorogeriogomes.com.br\/noticias\/2020\/07\/camilo-santana-se-reune-nesta-sexta-feira-com-o-comite-cientifico-para-definir-os-proximos-passos-nas-regras-de-isolamento-social\/","title":{"rendered":"Camilo Santana se re\u00fane nesta sexta-feira com o Comit\u00ea Cient\u00edfico para definir os pr\u00f3ximos passos nas regras de isolamento social"},"content":{"rendered":"\n<p>O governador do Cear\u00e1, Camilo Santana, se re\u00fane nesta sexta-feira, dia 23 de julho, com o Comit\u00ea Cient\u00edfico formado para definir a\u00e7\u00f5es de enfrentamento \u00e0 pandemia da Covid-19. Na pauta do encontro est\u00e1 a evolu\u00e7\u00e3o do plano de retomada da economia no Cear\u00e1.&nbsp;Em Fortaleza, que se encontra na Fase 4 do plano de relaxamento das medidas de distanciamento social, setores de academias e bares aguardam os pr\u00f3ximos passos a serem tomados pelas autoridades de sa\u00fade e pelo governador Camilo Santana.<\/p>\n\n\n\n<p>Nesta quinta-feira, Camilo anunciou ainda o in\u00edcio da distribui\u00e7\u00e3o de 2 milh\u00f5es de itens de prote\u00e7\u00e3o individual para os profissionais de sa\u00fade no Cear\u00e1. S\u00e3o luvas, m\u00e1scaras e outros equipamentos.<\/p>\n\n\n\n<p>O governador cearense tamb\u00e9m destacou o investimento na montagem de leitos de UTI no interior do Estado para onde migrou com mais for\u00e7a os casos de coronav\u00edrus. Na Regi\u00e3o do Cariri, por exemplo, mais que dobrou o n\u00famero de unidades de terapia intensiva (UTIs). Ao todo, eram 129 leitos desse tipo para atender 45 munic\u00edpios. Agora, a rede de sa\u00fade da regi\u00e3o conta com 309 leitos. Dos 180 acrescentados, 15 s\u00e3o UTIs pedi\u00e1tricas. A Regi\u00e3o Centro-Sul do Cear\u00e1 passou a contar com leitos de UTI pela primeira vez, sendo 20 no Iguatu e 10 no munic\u00edpio de Ic\u00f3.<\/p>\n\n\n\n<figure class=\"wp-block-image size-large\"><img loading=\"lazy\" decoding=\"async\" width=\"1024\" height=\"683\" src=\"https:\/\/blogdorogeriogomes.com.br\/wp-content\/uploads\/2020\/07\/200706_HRC-EQUIPAM-COVID_NIU0286-1200x800-1-1024x683.jpg\" alt=\"\" class=\"wp-image-17667\" srcset=\"https:\/\/blogdorogeriogomes.com.br\/noticias\/wp-content\/uploads\/2020\/07\/200706_HRC-EQUIPAM-COVID_NIU0286-1200x800-1-1024x683.jpg 1024w, https:\/\/blogdorogeriogomes.com.br\/noticias\/wp-content\/uploads\/2020\/07\/200706_HRC-EQUIPAM-COVID_NIU0286-1200x800-1-300x200.jpg 300w, https:\/\/blogdorogeriogomes.com.br\/noticias\/wp-content\/uploads\/2020\/07\/200706_HRC-EQUIPAM-COVID_NIU0286-1200x800-1-768x512.jpg 768w, https:\/\/blogdorogeriogomes.com.br\/noticias\/wp-content\/uploads\/2020\/07\/200706_HRC-EQUIPAM-COVID_NIU0286-1200x800-1-800x533.jpg 800w, https:\/\/blogdorogeriogomes.com.br\/noticias\/wp-content\/uploads\/2020\/07\/200706_HRC-EQUIPAM-COVID_NIU0286-1200x800-1.jpg 1200w\" sizes=\"auto, (max-width: 1024px) 100vw, 1024px\" \/><\/figure>\n\n\n\n<p><\/p>\n","protected":false},"excerpt":{"rendered":"<p>O governador do Cear\u00e1, Camilo Santana, se re\u00fane nesta sexta-feira, dia 23 de julho, com o Comit\u00ea Cient\u00edfico formado para definir a\u00e7\u00f5es de enfrentamento \u00e0 pandemia da Covid-19. Na pauta do encontro est\u00e1 a evolu\u00e7\u00e3o do plano de retomada da economia no Cear\u00e1.&nbsp;Em Fortaleza, que se encontra na Fase 4 do plano de relaxamento das medidas de distanciamento social, setores de academias e bares aguardam os pr\u00f3ximos passos a serem tomados pelas autoridades de sa\u00fade e pelo governador Camilo&hellip;<\/p>\n","protected":false},"author":1,"featured_media":17667,"comment_status":"open","ping_status":"open","sticky":false,"template":"","format":"standard","meta":{"footnotes":""},"categories":[1],"tags":[],"class_list":["post-17666","post","type-post","status-publish","format-standard","has-post-thumbnail","hentry","category-noticias"],"_links":{"self":[{"href":"https:\/\/blogdorogeriogomes.com.br\/noticias\/wp-json\/wp\/v2\/posts\/17666","targetHints":{"allow":["GET"]}}],"collection":[{"href":"https:\/\/blogdorogeriogomes.com.br\/noticias\/wp-json\/wp\/v2\/posts"}],"about":[{"href":"https:\/\/blogdorogeriogomes.com.br\/noticias\/wp-json\/wp\/v2\/types\/post"}],"author":[{"embeddable":true,"href":"https:\/\/blogdorogeriogomes.com.br\/noticias\/wp-json\/wp\/v2\/users\/1"}],"replies":[{"embeddable":true,"href":"https:\/\/blogdorogeriogomes.com.br\/noticias\/wp-json\/wp\/v2\/comments?post=17666"}],"version-history":[{"count":2,"href":"https:\/\/blogdorogeriogomes.com.br\/noticias\/wp-json\/wp\/v2\/posts\/17666\/revisions"}],"predecessor-version":[{"id":17676,"href":"https:\/\/blogdorogeriogomes.com.br\/noticias\/wp-json\/wp\/v2\/posts\/17666\/revisions\/17676"}],"wp:featuredmedia":[{"embeddable":true,"href":"https:\/\/blogdorogeriogomes.com.br\/noticias\/wp-json\/wp\/v2\/media\/17667"}],"wp:attachment":[{"href":"https:\/\/blogdorogeriogomes.com.br\/noticias\/wp-json\/wp\/v2\/media?parent=17666"}],"wp:term":[{"taxonomy":"category","embeddable":true,"href":"https:\/\/blogdorogeriogomes.com.br\/noticias\/wp-json\/wp\/v2\/categories?post=17666"},{"taxonomy":"post_tag","embeddable":true,"href":"https:\/\/blogdorogeriogomes.com.br\/noticias\/wp-json\/wp\/v2\/tags?post=17666"}],"curies":[{"name":"wp","href":"https:\/\/api.w.org\/{rel}","templated":true}]}}