{"id":17672,"date":"2020-07-24T09:48:13","date_gmt":"2020-07-24T09:48:13","guid":{"rendered":"https:\/\/blogdorogeriogomes.com.br\/?p=17672"},"modified":"2020-07-24T15:03:26","modified_gmt":"2020-07-24T15:03:26","slug":"rodrigo-maia-propoe-que-militares-que-forem-nomeados-para-cargos-civis-tenham-que-ir-de-forma-obrigatoria-para-a-reserva","status":"publish","type":"post","link":"https:\/\/blogdorogeriogomes.com.br\/noticias\/2020\/07\/rodrigo-maia-propoe-que-militares-que-forem-nomeados-para-cargos-civis-tenham-que-ir-de-forma-obrigatoria-para-a-reserva\/","title":{"rendered":"Rodrigo Maia prop\u00f5e que militares que forem nomeados para cargos civis tenham que ir de forma obrigat\u00f3ria para a reserva"},"content":{"rendered":"\n<p>Diante da ocupa\u00e7\u00e3o de militares da ativa em v\u00e1rios minist\u00e9rios e \u00f3rg\u00e3os p\u00fablicos federais na gest\u00e3o Bolsonaro, o presidente da C\u00e2mara dos Deputados, deputado Rodrigo Maia, est\u00e1 propondo que o Congresso discuta uma PEC (Proposta de Emenda \u00e0 Constitui\u00e7\u00e3o) para evitar que militares da ativa atuem em fun\u00e7\u00f5es gratificadas no Executivo\u200b. A ideia \u00e9 fazer com que os militares passem automaticamente para a reserva se quiserem ocupar cargos. Para Maia, a presen\u00e7a de militares da ativa no governo n\u00e3o \u00e9 boa para o Brasil ou para as For\u00e7as Armadas.<\/p>\n\n\n\n<p>A presen\u00e7a de militares da ativa no Governo Federal teve crescimento \u00e9 de 33% em um ano e meio de gest\u00e3o de Jair Bolsonaro. J\u00e1 s\u00e3o 2.558 militares distribu\u00eddos em&nbsp;18 \u00f3rg\u00e3os federais, entre eles, nos minist\u00e9rios da Sa\u00fade, Economia, Fam\u00edlia e Minas e Energia.<\/p>\n\n\n\n<figure class=\"wp-block-image size-large\"><img loading=\"lazy\" decoding=\"async\" width=\"610\" height=\"380\" src=\"https:\/\/blogdorogeriogomes.com.br\/wp-content\/uploads\/2020\/07\/20200722160720_df5ca4d849e94c02f6925f8828abc737c923e106d9c02db39997b18e9293abd3.jpeg\" alt=\"\" class=\"wp-image-17673\" srcset=\"https:\/\/blogdorogeriogomes.com.br\/noticias\/wp-content\/uploads\/2020\/07\/20200722160720_df5ca4d849e94c02f6925f8828abc737c923e106d9c02db39997b18e9293abd3.jpeg 610w, https:\/\/blogdorogeriogomes.com.br\/noticias\/wp-content\/uploads\/2020\/07\/20200722160720_df5ca4d849e94c02f6925f8828abc737c923e106d9c02db39997b18e9293abd3-300x187.jpeg 300w\" sizes=\"auto, (max-width: 610px) 100vw, 610px\" \/><\/figure>\n\n\n\n<p><\/p>\n","protected":false},"excerpt":{"rendered":"<p>Diante da ocupa\u00e7\u00e3o de militares da ativa em v\u00e1rios minist\u00e9rios e \u00f3rg\u00e3os p\u00fablicos federais na gest\u00e3o Bolsonaro, o presidente da C\u00e2mara dos Deputados, deputado Rodrigo Maia, est\u00e1 propondo que o Congresso discuta uma PEC (Proposta de Emenda \u00e0 Constitui\u00e7\u00e3o) para evitar que militares da ativa atuem em fun\u00e7\u00f5es gratificadas no Executivo\u200b. A ideia \u00e9 fazer com que os militares passem automaticamente para a reserva se quiserem ocupar cargos. Para Maia, a presen\u00e7a de militares da ativa no governo n\u00e3o&hellip;<\/p>\n","protected":false},"author":1,"featured_media":17673,"comment_status":"open","ping_status":"open","sticky":false,"template":"","format":"standard","meta":{"footnotes":""},"categories":[1],"tags":[],"class_list":["post-17672","post","type-post","status-publish","format-standard","has-post-thumbnail","hentry","category-noticias"],"_links":{"self":[{"href":"https:\/\/blogdorogeriogomes.com.br\/noticias\/wp-json\/wp\/v2\/posts\/17672","targetHints":{"allow":["GET"]}}],"collection":[{"href":"https:\/\/blogdorogeriogomes.com.br\/noticias\/wp-json\/wp\/v2\/posts"}],"about":[{"href":"https:\/\/blogdorogeriogomes.com.br\/noticias\/wp-json\/wp\/v2\/types\/post"}],"author":[{"embeddable":true,"href":"https:\/\/blogdorogeriogomes.com.br\/noticias\/wp-json\/wp\/v2\/users\/1"}],"replies":[{"embeddable":true,"href":"https:\/\/blogdorogeriogomes.com.br\/noticias\/wp-json\/wp\/v2\/comments?post=17672"}],"version-history":[{"count":2,"href":"https:\/\/blogdorogeriogomes.com.br\/noticias\/wp-json\/wp\/v2\/posts\/17672\/revisions"}],"predecessor-version":[{"id":17675,"href":"https:\/\/blogdorogeriogomes.com.br\/noticias\/wp-json\/wp\/v2\/posts\/17672\/revisions\/17675"}],"wp:featuredmedia":[{"embeddable":true,"href":"https:\/\/blogdorogeriogomes.com.br\/noticias\/wp-json\/wp\/v2\/media\/17673"}],"wp:attachment":[{"href":"https:\/\/blogdorogeriogomes.com.br\/noticias\/wp-json\/wp\/v2\/media?parent=17672"}],"wp:term":[{"taxonomy":"category","embeddable":true,"href":"https:\/\/blogdorogeriogomes.com.br\/noticias\/wp-json\/wp\/v2\/categories?post=17672"},{"taxonomy":"post_tag","embeddable":true,"href":"https:\/\/blogdorogeriogomes.com.br\/noticias\/wp-json\/wp\/v2\/tags?post=17672"}],"curies":[{"name":"wp","href":"https:\/\/api.w.org\/{rel}","templated":true}]}}