{"id":17680,"date":"2020-07-25T10:55:51","date_gmt":"2020-07-25T10:55:51","guid":{"rendered":"https:\/\/blogdorogeriogomes.com.br\/?p=17680"},"modified":"2020-07-27T19:31:23","modified_gmt":"2020-07-27T19:31:23","slug":"novo-decreto-autoriza-academias-de-ginastica-com-30-da-capacidade-e-amplia-horario-das-barracas-de-praia","status":"publish","type":"post","link":"https:\/\/blogdorogeriogomes.com.br\/noticias\/2020\/07\/novo-decreto-autoriza-academias-de-ginastica-com-30-da-capacidade-e-amplia-horario-das-barracas-de-praia\/","title":{"rendered":"Novo decreto autoriza academias de gin\u00e1stica com 30% da capacidade e amplia hor\u00e1rio das barracas de praia"},"content":{"rendered":"\n<p>O governador do Cear\u00e1, Camilo Santana, e o prefeito de Fortaleza, anunciaram nesta sexta-feira, dia 24 de julho, as novas medidas do Decreto Estadual de Isolamento Social, que passa a vigorar a partir da pr\u00f3xima segunda-feira, dia 27. Fortaleza segue na Fase 4, passando a ser autorizado o funcionamento de academias de gin\u00e1stica, com 30% da capacidade. Barracas de praia seguir\u00e3o o mesmo hor\u00e1rio dos restaurantes, podendo ir at\u00e9 23h. Quanto \u00e0s restri\u00e7\u00f5es, escolas e universidades, p\u00fablicas e privadas, continuam ainda sem aulas presenciais. Shows e eventos com aglomera\u00e7\u00f5es n\u00e3o poder\u00e3o acontecer, assim como cinemas e bares ainda n\u00e3o t\u00eam permiss\u00e3o de funcionamento.&nbsp;<\/p>\n\n\n\n<p>Munic\u00edpios da Macrorregi\u00e3o de Fortaleza seguem para a segunda semana da Fase 3. Nas Macrorregi\u00f5es do Sert\u00e3o Central e Litoral Leste\/Jaguaribe seguem para a primeira semana da Fase 2. A Macrorregi\u00e3o Norte segue para a segunda semana da Fase 1. A Macrorregi\u00e3o do Cariri permanece na Fase de Transi\u00e7\u00e3o da Economia, por conta dos indicadores ainda em alerta do coronav\u00edrus.<\/p>\n\n\n\n<figure class=\"wp-block-image size-large\"><img loading=\"lazy\" decoding=\"async\" width=\"1024\" height=\"684\" src=\"https:\/\/blogdorogeriogomes.com.br\/wp-content\/uploads\/2020\/07\/WhatsApp-Image-2020-07-24-at-19.05.35-1200x802-1-1024x684.jpeg\" alt=\"\" class=\"wp-image-17681\" srcset=\"https:\/\/blogdorogeriogomes.com.br\/noticias\/wp-content\/uploads\/2020\/07\/WhatsApp-Image-2020-07-24-at-19.05.35-1200x802-1-1024x684.jpeg 1024w, https:\/\/blogdorogeriogomes.com.br\/noticias\/wp-content\/uploads\/2020\/07\/WhatsApp-Image-2020-07-24-at-19.05.35-1200x802-1-300x201.jpeg 300w, https:\/\/blogdorogeriogomes.com.br\/noticias\/wp-content\/uploads\/2020\/07\/WhatsApp-Image-2020-07-24-at-19.05.35-1200x802-1-768x513.jpeg 768w, https:\/\/blogdorogeriogomes.com.br\/noticias\/wp-content\/uploads\/2020\/07\/WhatsApp-Image-2020-07-24-at-19.05.35-1200x802-1-800x535.jpeg 800w, https:\/\/blogdorogeriogomes.com.br\/noticias\/wp-content\/uploads\/2020\/07\/WhatsApp-Image-2020-07-24-at-19.05.35-1200x802-1.jpeg 1200w\" sizes=\"auto, (max-width: 1024px) 100vw, 1024px\" \/><\/figure>\n","protected":false},"excerpt":{"rendered":"<p>O governador do Cear\u00e1, Camilo Santana, e o prefeito de Fortaleza, anunciaram nesta sexta-feira, dia 24 de julho, as novas medidas do Decreto Estadual de Isolamento Social, que passa a vigorar a partir da pr\u00f3xima segunda-feira, dia 27. Fortaleza segue na Fase 4, passando a ser autorizado o funcionamento de academias de gin\u00e1stica, com 30% da capacidade. Barracas de praia seguir\u00e3o o mesmo hor\u00e1rio dos restaurantes, podendo ir at\u00e9 23h. Quanto \u00e0s restri\u00e7\u00f5es, escolas e universidades, p\u00fablicas e privadas,&hellip;<\/p>\n","protected":false},"author":1,"featured_media":17681,"comment_status":"open","ping_status":"open","sticky":false,"template":"","format":"standard","meta":{"footnotes":""},"categories":[1],"tags":[],"class_list":["post-17680","post","type-post","status-publish","format-standard","has-post-thumbnail","hentry","category-noticias"],"_links":{"self":[{"href":"https:\/\/blogdorogeriogomes.com.br\/noticias\/wp-json\/wp\/v2\/posts\/17680","targetHints":{"allow":["GET"]}}],"collection":[{"href":"https:\/\/blogdorogeriogomes.com.br\/noticias\/wp-json\/wp\/v2\/posts"}],"about":[{"href":"https:\/\/blogdorogeriogomes.com.br\/noticias\/wp-json\/wp\/v2\/types\/post"}],"author":[{"embeddable":true,"href":"https:\/\/blogdorogeriogomes.com.br\/noticias\/wp-json\/wp\/v2\/users\/1"}],"replies":[{"embeddable":true,"href":"https:\/\/blogdorogeriogomes.com.br\/noticias\/wp-json\/wp\/v2\/comments?post=17680"}],"version-history":[{"count":2,"href":"https:\/\/blogdorogeriogomes.com.br\/noticias\/wp-json\/wp\/v2\/posts\/17680\/revisions"}],"predecessor-version":[{"id":17700,"href":"https:\/\/blogdorogeriogomes.com.br\/noticias\/wp-json\/wp\/v2\/posts\/17680\/revisions\/17700"}],"wp:featuredmedia":[{"embeddable":true,"href":"https:\/\/blogdorogeriogomes.com.br\/noticias\/wp-json\/wp\/v2\/media\/17681"}],"wp:attachment":[{"href":"https:\/\/blogdorogeriogomes.com.br\/noticias\/wp-json\/wp\/v2\/media?parent=17680"}],"wp:term":[{"taxonomy":"category","embeddable":true,"href":"https:\/\/blogdorogeriogomes.com.br\/noticias\/wp-json\/wp\/v2\/categories?post=17680"},{"taxonomy":"post_tag","embeddable":true,"href":"https:\/\/blogdorogeriogomes.com.br\/noticias\/wp-json\/wp\/v2\/tags?post=17680"}],"curies":[{"name":"wp","href":"https:\/\/api.w.org\/{rel}","templated":true}]}}