{"id":17683,"date":"2020-07-25T11:16:50","date_gmt":"2020-07-25T11:16:50","guid":{"rendered":"https:\/\/blogdorogeriogomes.com.br\/?p=17683"},"modified":"2020-07-27T19:31:11","modified_gmt":"2020-07-27T19:31:11","slug":"caixa-economica-abre-25-agencias-no-ceara-neste-sabado-para-pagamento-do-auxilio-emergencial","status":"publish","type":"post","link":"https:\/\/blogdorogeriogomes.com.br\/noticias\/2020\/07\/caixa-economica-abre-25-agencias-no-ceara-neste-sabado-para-pagamento-do-auxilio-emergencial\/","title":{"rendered":"Caixa Econ\u00f4mica abre 25 ag\u00eancias no Cear\u00e1 neste s\u00e1bado para pagamento do aux\u00edlio emergencial"},"content":{"rendered":"\n<p>Benefici\u00e1rios do aux\u00edlio emergencial de R$ 600 e do saque emergencial do FGTS de at\u00e9 um sal\u00e1rio m\u00ednimo (R$1.045) poder\u00e3o sacar os valores em uma das 25 ag\u00eancias da Caixa Econ\u00f4mica Federal no Cear\u00e1, que realizar\u00e3o atendimento de 8 \u00e0s 12 horas, neste s\u00e1bado, dia 25 de julho.<\/p>\n\n\n\n<p>O pagamento \u00e9 destinado aos trabalhadores nascidos em janeiro, que receberam o dep\u00f3sito em suas contas poupan\u00e7as sociais digitais na \u00faltima quarta-feira, dia 22 de julho.<\/p>\n\n\n\n<p>Para sacar o benef\u00edcio \u00e9 necess\u00e1rio gerar o c\u00f3digo (token) no aplicativo Caixa Tem. Caso o usu\u00e1rio tenha dificuldade em ter acesso ao c\u00f3digo, o servi\u00e7o ser\u00e1 disponibilizado nas ag\u00eancias.<\/p>\n\n\n\n<figure class=\"wp-block-image size-large\"><img loading=\"lazy\" decoding=\"async\" width=\"641\" height=\"479\" src=\"https:\/\/blogdorogeriogomes.com.br\/wp-content\/uploads\/2020\/07\/images-9-2.jpeg\" alt=\"\" class=\"wp-image-17684\" srcset=\"https:\/\/blogdorogeriogomes.com.br\/noticias\/wp-content\/uploads\/2020\/07\/images-9-2.jpeg 641w, https:\/\/blogdorogeriogomes.com.br\/noticias\/wp-content\/uploads\/2020\/07\/images-9-2-300x224.jpeg 300w, https:\/\/blogdorogeriogomes.com.br\/noticias\/wp-content\/uploads\/2020\/07\/images-9-2-400x300.jpeg 400w\" sizes=\"auto, (max-width: 641px) 100vw, 641px\" \/><\/figure>\n","protected":false},"excerpt":{"rendered":"<p>Benefici\u00e1rios do aux\u00edlio emergencial de R$ 600 e do saque emergencial do FGTS de at\u00e9 um sal\u00e1rio m\u00ednimo (R$1.045) poder\u00e3o sacar os valores em uma das 25 ag\u00eancias da Caixa Econ\u00f4mica Federal no Cear\u00e1, que realizar\u00e3o atendimento de 8 \u00e0s 12 horas, neste s\u00e1bado, dia 25 de julho. O pagamento \u00e9 destinado aos trabalhadores nascidos em janeiro, que receberam o dep\u00f3sito em suas contas poupan\u00e7as sociais digitais na \u00faltima quarta-feira, dia 22 de julho. Para sacar o benef\u00edcio \u00e9&hellip;<\/p>\n","protected":false},"author":1,"featured_media":17684,"comment_status":"open","ping_status":"open","sticky":false,"template":"","format":"standard","meta":{"footnotes":""},"categories":[1],"tags":[],"class_list":["post-17683","post","type-post","status-publish","format-standard","has-post-thumbnail","hentry","category-noticias"],"_links":{"self":[{"href":"https:\/\/blogdorogeriogomes.com.br\/noticias\/wp-json\/wp\/v2\/posts\/17683","targetHints":{"allow":["GET"]}}],"collection":[{"href":"https:\/\/blogdorogeriogomes.com.br\/noticias\/wp-json\/wp\/v2\/posts"}],"about":[{"href":"https:\/\/blogdorogeriogomes.com.br\/noticias\/wp-json\/wp\/v2\/types\/post"}],"author":[{"embeddable":true,"href":"https:\/\/blogdorogeriogomes.com.br\/noticias\/wp-json\/wp\/v2\/users\/1"}],"replies":[{"embeddable":true,"href":"https:\/\/blogdorogeriogomes.com.br\/noticias\/wp-json\/wp\/v2\/comments?post=17683"}],"version-history":[{"count":1,"href":"https:\/\/blogdorogeriogomes.com.br\/noticias\/wp-json\/wp\/v2\/posts\/17683\/revisions"}],"predecessor-version":[{"id":17685,"href":"https:\/\/blogdorogeriogomes.com.br\/noticias\/wp-json\/wp\/v2\/posts\/17683\/revisions\/17685"}],"wp:featuredmedia":[{"embeddable":true,"href":"https:\/\/blogdorogeriogomes.com.br\/noticias\/wp-json\/wp\/v2\/media\/17684"}],"wp:attachment":[{"href":"https:\/\/blogdorogeriogomes.com.br\/noticias\/wp-json\/wp\/v2\/media?parent=17683"}],"wp:term":[{"taxonomy":"category","embeddable":true,"href":"https:\/\/blogdorogeriogomes.com.br\/noticias\/wp-json\/wp\/v2\/categories?post=17683"},{"taxonomy":"post_tag","embeddable":true,"href":"https:\/\/blogdorogeriogomes.com.br\/noticias\/wp-json\/wp\/v2\/tags?post=17683"}],"curies":[{"name":"wp","href":"https:\/\/api.w.org\/{rel}","templated":true}]}}