{"id":17695,"date":"2020-07-27T18:43:57","date_gmt":"2020-07-27T18:43:57","guid":{"rendered":"https:\/\/blogdorogeriogomes.com.br\/?p=17695"},"modified":"2020-07-27T19:30:30","modified_gmt":"2020-07-27T19:30:30","slug":"apos-perder-tres-auxiliares-paulo-guedes-nega-que-esteja-acontecendo-uma-debandada-na-equipe-economica","status":"publish","type":"post","link":"https:\/\/blogdorogeriogomes.com.br\/noticias\/2020\/07\/apos-perder-tres-auxiliares-paulo-guedes-nega-que-esteja-acontecendo-uma-debandada-na-equipe-economica\/","title":{"rendered":"Ap\u00f3s perder tr\u00eas auxiliares, Paulo Guedes nega que esteja acontecendo uma debandada na equipe econ\u00f4mica"},"content":{"rendered":"\n<p>Ap\u00f3s figuras importantes terem deixado a equipe econ\u00f4mica do Governo Federal,  ministro da Economia, Paulo Guedes, negou que a equipe esteja sofrendo uma debandada geral. Recentemente, tr\u00eas auxiliares entregarem seus cargos. S\u00e3o eles:  o diretor de programas da Secretaria Especial da Fazenda, Caio Megale, o secret\u00e1rio do Tesouro, Mansueto Almeida, e o presidente do Banco do Brasil, Rubem Novaes.<\/p>\n\n\n\n<p> &#8220;N\u00e3o houve debandada. Na m\u00e9dia, o n\u00edvel da equipe est\u00e1 subindo\u201d, afirmou Paulo Guedes em entrevista \u00e0 CNN Business. &nbsp;O ministro da Economia diz que novos nomes est\u00e3o sendo incorporados \u00e0 equipe econ\u00f4mica, como o novo secret\u00e1rio do tesouro, Bruno Funchal, e o secret\u00e1rio de Com\u00e9rcio Exterior, Roberto Fendt.&nbsp;<\/p>\n\n\n\n<figure class=\"wp-block-image size-large\"><img loading=\"lazy\" decoding=\"async\" width=\"716\" height=\"428\" src=\"https:\/\/blogdorogeriogomes.com.br\/wp-content\/uploads\/2020\/07\/images-12-1.jpeg\" alt=\"\" class=\"wp-image-17696\" srcset=\"https:\/\/blogdorogeriogomes.com.br\/noticias\/wp-content\/uploads\/2020\/07\/images-12-1.jpeg 716w, https:\/\/blogdorogeriogomes.com.br\/noticias\/wp-content\/uploads\/2020\/07\/images-12-1-300x179.jpeg 300w\" sizes=\"auto, (max-width: 716px) 100vw, 716px\" \/><\/figure>\n\n\n\n<p><\/p>\n\n\n\n<p><\/p>\n","protected":false},"excerpt":{"rendered":"<p>Ap\u00f3s figuras importantes terem deixado a equipe econ\u00f4mica do Governo Federal, ministro da Economia, Paulo Guedes, negou que a equipe esteja sofrendo uma debandada geral. Recentemente, tr\u00eas auxiliares entregarem seus cargos. S\u00e3o eles: o diretor de programas da Secretaria Especial da Fazenda, Caio Megale, o secret\u00e1rio do Tesouro, Mansueto Almeida, e o presidente do Banco do Brasil, Rubem Novaes. &#8220;N\u00e3o houve debandada. Na m\u00e9dia, o n\u00edvel da equipe est\u00e1 subindo\u201d, afirmou Paulo Guedes em entrevista \u00e0 CNN Business. &nbsp;O&hellip;<\/p>\n","protected":false},"author":1,"featured_media":17696,"comment_status":"open","ping_status":"open","sticky":false,"template":"","format":"standard","meta":{"footnotes":""},"categories":[1],"tags":[],"class_list":["post-17695","post","type-post","status-publish","format-standard","has-post-thumbnail","hentry","category-noticias"],"_links":{"self":[{"href":"https:\/\/blogdorogeriogomes.com.br\/noticias\/wp-json\/wp\/v2\/posts\/17695","targetHints":{"allow":["GET"]}}],"collection":[{"href":"https:\/\/blogdorogeriogomes.com.br\/noticias\/wp-json\/wp\/v2\/posts"}],"about":[{"href":"https:\/\/blogdorogeriogomes.com.br\/noticias\/wp-json\/wp\/v2\/types\/post"}],"author":[{"embeddable":true,"href":"https:\/\/blogdorogeriogomes.com.br\/noticias\/wp-json\/wp\/v2\/users\/1"}],"replies":[{"embeddable":true,"href":"https:\/\/blogdorogeriogomes.com.br\/noticias\/wp-json\/wp\/v2\/comments?post=17695"}],"version-history":[{"count":2,"href":"https:\/\/blogdorogeriogomes.com.br\/noticias\/wp-json\/wp\/v2\/posts\/17695\/revisions"}],"predecessor-version":[{"id":17698,"href":"https:\/\/blogdorogeriogomes.com.br\/noticias\/wp-json\/wp\/v2\/posts\/17695\/revisions\/17698"}],"wp:featuredmedia":[{"embeddable":true,"href":"https:\/\/blogdorogeriogomes.com.br\/noticias\/wp-json\/wp\/v2\/media\/17696"}],"wp:attachment":[{"href":"https:\/\/blogdorogeriogomes.com.br\/noticias\/wp-json\/wp\/v2\/media?parent=17695"}],"wp:term":[{"taxonomy":"category","embeddable":true,"href":"https:\/\/blogdorogeriogomes.com.br\/noticias\/wp-json\/wp\/v2\/categories?post=17695"},{"taxonomy":"post_tag","embeddable":true,"href":"https:\/\/blogdorogeriogomes.com.br\/noticias\/wp-json\/wp\/v2\/tags?post=17695"}],"curies":[{"name":"wp","href":"https:\/\/api.w.org\/{rel}","templated":true}]}}