{"id":17701,"date":"2020-07-27T23:42:07","date_gmt":"2020-07-27T23:42:07","guid":{"rendered":"https:\/\/blogdorogeriogomes.com.br\/?p=17701"},"modified":"2020-07-28T12:59:52","modified_gmt":"2020-07-28T12:59:52","slug":"prefeito-roberto-claudio-aponta-queda-nos-numeros-de-novos-casos-e-mortes-por-covid-19-em-fortaleza","status":"publish","type":"post","link":"https:\/\/blogdorogeriogomes.com.br\/noticias\/2020\/07\/prefeito-roberto-claudio-aponta-queda-nos-numeros-de-novos-casos-e-mortes-por-covid-19-em-fortaleza\/","title":{"rendered":"Prefeito Roberto Cl\u00e1udio aponta  queda nos n\u00fameros de novos casos e mortes por Covid-19 em Fortaleza"},"content":{"rendered":"\n<p>O prefeito de Fortaleza, Roberto Cl\u00e1udio, fez uma avalia\u00e7\u00e3o na noite desta segunda-feira, dia 27 de julho, dos indicadores em rela\u00e7\u00e3o \u00e0 Covid-19 em Fortaleza. E os dados confirmam consistente redu\u00e7\u00e3o do n\u00famero de casos, \u00f3bitos e interna\u00e7\u00f5es decorrentes da infec\u00e7\u00e3o pelo novo coronav\u00edrus. &#8220;A demanda relacionada \u00e0s interna\u00e7\u00f5es em leitos de enfermaria ou de terapia intensiva segue em tend\u00eancia est\u00e1vel e cont\u00ednua de queda. Na vig\u00e9sima semana, momento mais cr\u00edtico da pandemia, a m\u00e9dia chegou a ser de 113 pacientes por dia precisando de interna\u00e7\u00e3o. J\u00e1 na trig\u00e9sima semana, a m\u00e9dia foi de 10,7\u201d, relatou Roberto Cl\u00e1udio.<\/p>\n\n\n\n<p>O prefeito da Capital tamb\u00e9m ressaltou a queda no n\u00famero de mortes pela Covid-19 nas \u00faltimas semanas. &nbsp;\u201cChegamos a contabilizar, por volta da vig\u00e9sima semana do quadro pand\u00eamico, uma m\u00e9dia de 88 \u00f3bitos di\u00e1rios. A partir da\u00ed, estamos em tend\u00eancia progressiva de queda ao longo de 10 semanas consecutivas. Chegamos, semana passada, \u00e0 mais baixa m\u00e9dia registrada, com quatro \u00f3bitos por dia&#8221;, disse Roberto Cl\u00e1udio.<\/p>\n\n\n\n<p>O Cear\u00e1 j\u00e1 contabilizou 162.429 casos de Covid-19 e 7.509 mortes pela doen\u00e7a. Cerca de 136.415 pessoas j\u00e1 se recuperaram do coronav\u00edrus. <\/p>\n\n\n\n<figure class=\"wp-block-image size-large\"><img loading=\"lazy\" decoding=\"async\" width=\"723\" height=\"424\" src=\"https:\/\/blogdorogeriogomes.com.br\/wp-content\/uploads\/2020\/07\/images-13-1.jpeg\" alt=\"\" class=\"wp-image-17703\" srcset=\"https:\/\/blogdorogeriogomes.com.br\/noticias\/wp-content\/uploads\/2020\/07\/images-13-1.jpeg 723w, https:\/\/blogdorogeriogomes.com.br\/noticias\/wp-content\/uploads\/2020\/07\/images-13-1-300x176.jpeg 300w\" sizes=\"auto, (max-width: 723px) 100vw, 723px\" \/><\/figure>\n\n\n\n<p><\/p>\n","protected":false},"excerpt":{"rendered":"<p>O prefeito de Fortaleza, Roberto Cl\u00e1udio, fez uma avalia\u00e7\u00e3o na noite desta segunda-feira, dia 27 de julho, dos indicadores em rela\u00e7\u00e3o \u00e0 Covid-19 em Fortaleza. E os dados confirmam consistente redu\u00e7\u00e3o do n\u00famero de casos, \u00f3bitos e interna\u00e7\u00f5es decorrentes da infec\u00e7\u00e3o pelo novo coronav\u00edrus. &#8220;A demanda relacionada \u00e0s interna\u00e7\u00f5es em leitos de enfermaria ou de terapia intensiva segue em tend\u00eancia est\u00e1vel e cont\u00ednua de queda. Na vig\u00e9sima semana, momento mais cr\u00edtico da pandemia, a m\u00e9dia chegou a ser de&hellip;<\/p>\n","protected":false},"author":1,"featured_media":17703,"comment_status":"open","ping_status":"open","sticky":false,"template":"","format":"standard","meta":{"footnotes":""},"categories":[1],"tags":[],"class_list":["post-17701","post","type-post","status-publish","format-standard","has-post-thumbnail","hentry","category-noticias"],"_links":{"self":[{"href":"https:\/\/blogdorogeriogomes.com.br\/noticias\/wp-json\/wp\/v2\/posts\/17701","targetHints":{"allow":["GET"]}}],"collection":[{"href":"https:\/\/blogdorogeriogomes.com.br\/noticias\/wp-json\/wp\/v2\/posts"}],"about":[{"href":"https:\/\/blogdorogeriogomes.com.br\/noticias\/wp-json\/wp\/v2\/types\/post"}],"author":[{"embeddable":true,"href":"https:\/\/blogdorogeriogomes.com.br\/noticias\/wp-json\/wp\/v2\/users\/1"}],"replies":[{"embeddable":true,"href":"https:\/\/blogdorogeriogomes.com.br\/noticias\/wp-json\/wp\/v2\/comments?post=17701"}],"version-history":[{"count":2,"href":"https:\/\/blogdorogeriogomes.com.br\/noticias\/wp-json\/wp\/v2\/posts\/17701\/revisions"}],"predecessor-version":[{"id":17711,"href":"https:\/\/blogdorogeriogomes.com.br\/noticias\/wp-json\/wp\/v2\/posts\/17701\/revisions\/17711"}],"wp:featuredmedia":[{"embeddable":true,"href":"https:\/\/blogdorogeriogomes.com.br\/noticias\/wp-json\/wp\/v2\/media\/17703"}],"wp:attachment":[{"href":"https:\/\/blogdorogeriogomes.com.br\/noticias\/wp-json\/wp\/v2\/media?parent=17701"}],"wp:term":[{"taxonomy":"category","embeddable":true,"href":"https:\/\/blogdorogeriogomes.com.br\/noticias\/wp-json\/wp\/v2\/categories?post=17701"},{"taxonomy":"post_tag","embeddable":true,"href":"https:\/\/blogdorogeriogomes.com.br\/noticias\/wp-json\/wp\/v2\/tags?post=17701"}],"curies":[{"name":"wp","href":"https:\/\/api.w.org\/{rel}","templated":true}]}}