{"id":17705,"date":"2020-07-28T09:27:44","date_gmt":"2020-07-28T09:27:44","guid":{"rendered":"https:\/\/blogdorogeriogomes.com.br\/?p=17705"},"modified":"2020-07-28T12:59:28","modified_gmt":"2020-07-28T12:59:28","slug":"aceno-de-ciro-gomes-ao-petista-elmano-de-freitas-em-caucaia-abre-uma-nova-perspectiva-de-dialogo-entre-pt-e-pdt-em-fortaleza-para-sucessao-municipal","status":"publish","type":"post","link":"https:\/\/blogdorogeriogomes.com.br\/noticias\/2020\/07\/aceno-de-ciro-gomes-ao-petista-elmano-de-freitas-em-caucaia-abre-uma-nova-perspectiva-de-dialogo-entre-pt-e-pdt-em-fortaleza-para-sucessao-municipal\/","title":{"rendered":"Aceno de Ciro Gomes ao petista Elmano de Freitas em Caucaia abre uma nova perspectiva de di\u00e1logo entre PT e PDT em Fortaleza para sucess\u00e3o municipal"},"content":{"rendered":"\n<p>O gesto do ex-ministro Ciro Gomes (PDT) em declarar apoio ao petista Elmano de Freitas na sua pr\u00e9 candidatura \u00e0 Prefeitura de Caucaia abre uma nova perspectiva de di\u00e1logo entre PT e PDT na sucess\u00e3o municipal em Fortaleza. Em Caucaia, Elmano ter\u00e1 pela frente o atual prefeito Naumi Amorim (PSD), que tentar\u00e1 a reelei\u00e7\u00e3o; o atual deputado estadual Vitor Valim (Pros), ligado ao grupo do deputado federal Capit\u00e3o Wagner; e Em\u00edlia Pessoa, do PSDB. Elmano tamb\u00e9m deve ganhar o apoio do governador Camilo Santana (PT).<\/p>\n\n\n\n<p>Mas o aceno de Ciro Gomes pode ter influ\u00eancia na sucess\u00e3o da Capital. Camilo Santana ainda tenta costurar uma alian\u00e7a do PT com o PDT do atual prefeito Roberto Cl\u00e1udio e dos irm\u00e3os Ciro e Cid Gomes. A maior resist\u00eancia tem sido da ex-prefeita Luizianne Lins (PT), que j\u00e1 se lan\u00e7ou como pr\u00e9 candidata e diz n\u00e3o querer parceria com o PDT. Hoje, ela tenta se aliar ao PSOL do pr\u00e9 candidato Renato Roseno.<\/p>\n\n\n\n<p>Por enquanto, o PDT realiza debates internos para a defini\u00e7\u00e3o do seu candidato. Est\u00e3o na disputa Samuel Dias, Salmito Filho, Jos\u00e9 Sarto, Idilvan Alencar e Ferr\u00facio Feitosa. At\u00e9 o fim de agosto, quando acontecem as conven\u00e7\u00f5es partid\u00e1rias, muitas discuss\u00f5es ainda devem esquentar o jogo pol\u00edtico sobre como v\u00e3o ficar as candidaturas em Fortaleza.<\/p>\n\n\n\n<figure class=\"wp-block-image size-large\"><img loading=\"lazy\" decoding=\"async\" width=\"738\" height=\"415\" src=\"https:\/\/blogdorogeriogomes.com.br\/wp-content\/uploads\/2020\/07\/images-19.jpeg\" alt=\"\" class=\"wp-image-17706\" srcset=\"https:\/\/blogdorogeriogomes.com.br\/noticias\/wp-content\/uploads\/2020\/07\/images-19.jpeg 738w, https:\/\/blogdorogeriogomes.com.br\/noticias\/wp-content\/uploads\/2020\/07\/images-19-300x169.jpeg 300w\" sizes=\"auto, (max-width: 738px) 100vw, 738px\" \/><\/figure>\n","protected":false},"excerpt":{"rendered":"<p>O gesto do ex-ministro Ciro Gomes (PDT) em declarar apoio ao petista Elmano de Freitas na sua pr\u00e9 candidatura \u00e0 Prefeitura de Caucaia abre uma nova perspectiva de di\u00e1logo entre PT e PDT na sucess\u00e3o municipal em Fortaleza. Em Caucaia, Elmano ter\u00e1 pela frente o atual prefeito Naumi Amorim (PSD), que tentar\u00e1 a reelei\u00e7\u00e3o; o atual deputado estadual Vitor Valim (Pros), ligado ao grupo do deputado federal Capit\u00e3o Wagner; e Em\u00edlia Pessoa, do PSDB. Elmano tamb\u00e9m deve ganhar o&hellip;<\/p>\n","protected":false},"author":1,"featured_media":17706,"comment_status":"open","ping_status":"open","sticky":false,"template":"","format":"standard","meta":{"footnotes":""},"categories":[1],"tags":[],"class_list":["post-17705","post","type-post","status-publish","format-standard","has-post-thumbnail","hentry","category-noticias"],"_links":{"self":[{"href":"https:\/\/blogdorogeriogomes.com.br\/noticias\/wp-json\/wp\/v2\/posts\/17705","targetHints":{"allow":["GET"]}}],"collection":[{"href":"https:\/\/blogdorogeriogomes.com.br\/noticias\/wp-json\/wp\/v2\/posts"}],"about":[{"href":"https:\/\/blogdorogeriogomes.com.br\/noticias\/wp-json\/wp\/v2\/types\/post"}],"author":[{"embeddable":true,"href":"https:\/\/blogdorogeriogomes.com.br\/noticias\/wp-json\/wp\/v2\/users\/1"}],"replies":[{"embeddable":true,"href":"https:\/\/blogdorogeriogomes.com.br\/noticias\/wp-json\/wp\/v2\/comments?post=17705"}],"version-history":[{"count":1,"href":"https:\/\/blogdorogeriogomes.com.br\/noticias\/wp-json\/wp\/v2\/posts\/17705\/revisions"}],"predecessor-version":[{"id":17707,"href":"https:\/\/blogdorogeriogomes.com.br\/noticias\/wp-json\/wp\/v2\/posts\/17705\/revisions\/17707"}],"wp:featuredmedia":[{"embeddable":true,"href":"https:\/\/blogdorogeriogomes.com.br\/noticias\/wp-json\/wp\/v2\/media\/17706"}],"wp:attachment":[{"href":"https:\/\/blogdorogeriogomes.com.br\/noticias\/wp-json\/wp\/v2\/media?parent=17705"}],"wp:term":[{"taxonomy":"category","embeddable":true,"href":"https:\/\/blogdorogeriogomes.com.br\/noticias\/wp-json\/wp\/v2\/categories?post=17705"},{"taxonomy":"post_tag","embeddable":true,"href":"https:\/\/blogdorogeriogomes.com.br\/noticias\/wp-json\/wp\/v2\/tags?post=17705"}],"curies":[{"name":"wp","href":"https:\/\/api.w.org\/{rel}","templated":true}]}}