{"id":17712,"date":"2020-07-28T20:38:30","date_gmt":"2020-07-28T20:38:30","guid":{"rendered":"https:\/\/blogdorogeriogomes.com.br\/?p=17712"},"modified":"2020-07-28T20:38:33","modified_gmt":"2020-07-28T20:38:33","slug":"mpf-estipula-prazo-para-que-ministerio-da-justica-explique-investigacao-sobre-opositores-do-governo-bolsonaro","status":"publish","type":"post","link":"https:\/\/blogdorogeriogomes.com.br\/noticias\/2020\/07\/mpf-estipula-prazo-para-que-ministerio-da-justica-explique-investigacao-sobre-opositores-do-governo-bolsonaro\/","title":{"rendered":"MPF estipula prazo para que Minist\u00e9rio da Justi\u00e7a explique investiga\u00e7\u00e3o sobre opositores do Governo Bolsonaro"},"content":{"rendered":"\n<p>De acordo com reportagem da Revista F\u00f3rum, o Minist\u00e9rio P\u00fablico Federal (MPF), por interm\u00e9dio do procurador regional dos Direitos do Cidad\u00e3o, Enrico Rodrigues de Freitas, deu o prazo de 10 dias para que a Secretaria de Opera\u00e7\u00f5es Integradas (Seopi) do Minist\u00e9rio da Justi\u00e7a explique a investiga\u00e7\u00e3o e produ\u00e7\u00e3o de relat\u00f3rios sigilosos sobre opositores do presidente Jair Bolsonaro.<\/p>\n\n\n\n<p>Consta nos questionamentos da Procuradoria um dossi\u00ea sobre 579 servidores federais e estaduais da \u00e1rea de seguran\u00e7a e professores do movimento antifascista.<\/p>\n\n\n\n<p>A Seopi foi criada na gest\u00e3o do ex-ministro S\u00e9rgio Moro com o objetivo de investigar crime organizado, redes de pedofilia, homicidas e crimes cibern\u00e9ticos. Na gest\u00e3o de Andr\u00e9 Mendon\u00e7a, a secretaria ganhou outras atribui\u00e7\u00f5es.<\/p>\n\n\n\n<figure class=\"wp-block-image size-large\"><img loading=\"lazy\" decoding=\"async\" width=\"610\" height=\"380\" src=\"https:\/\/blogdorogeriogomes.com.br\/wp-content\/uploads\/2020\/07\/20190820090820_f88fde38-2e05-42d0-9a39-1178076f6e4f.jpeg\" alt=\"\" class=\"wp-image-17713\" srcset=\"https:\/\/blogdorogeriogomes.com.br\/noticias\/wp-content\/uploads\/2020\/07\/20190820090820_f88fde38-2e05-42d0-9a39-1178076f6e4f.jpeg 610w, https:\/\/blogdorogeriogomes.com.br\/noticias\/wp-content\/uploads\/2020\/07\/20190820090820_f88fde38-2e05-42d0-9a39-1178076f6e4f-300x187.jpeg 300w\" sizes=\"auto, (max-width: 610px) 100vw, 610px\" \/><\/figure>\n\n\n\n<p><\/p>\n","protected":false},"excerpt":{"rendered":"<p>De acordo com reportagem da Revista F\u00f3rum, o Minist\u00e9rio P\u00fablico Federal (MPF), por interm\u00e9dio do procurador regional dos Direitos do Cidad\u00e3o, Enrico Rodrigues de Freitas, deu o prazo de 10 dias para que a Secretaria de Opera\u00e7\u00f5es Integradas (Seopi) do Minist\u00e9rio da Justi\u00e7a explique a investiga\u00e7\u00e3o e produ\u00e7\u00e3o de relat\u00f3rios sigilosos sobre opositores do presidente Jair Bolsonaro. Consta nos questionamentos da Procuradoria um dossi\u00ea sobre 579 servidores federais e estaduais da \u00e1rea de seguran\u00e7a e professores do movimento antifascista.&hellip;<\/p>\n","protected":false},"author":1,"featured_media":0,"comment_status":"open","ping_status":"open","sticky":false,"template":"","format":"standard","meta":{"footnotes":""},"categories":[1],"tags":[],"class_list":["post-17712","post","type-post","status-publish","format-standard","hentry","category-noticias"],"_links":{"self":[{"href":"https:\/\/blogdorogeriogomes.com.br\/noticias\/wp-json\/wp\/v2\/posts\/17712","targetHints":{"allow":["GET"]}}],"collection":[{"href":"https:\/\/blogdorogeriogomes.com.br\/noticias\/wp-json\/wp\/v2\/posts"}],"about":[{"href":"https:\/\/blogdorogeriogomes.com.br\/noticias\/wp-json\/wp\/v2\/types\/post"}],"author":[{"embeddable":true,"href":"https:\/\/blogdorogeriogomes.com.br\/noticias\/wp-json\/wp\/v2\/users\/1"}],"replies":[{"embeddable":true,"href":"https:\/\/blogdorogeriogomes.com.br\/noticias\/wp-json\/wp\/v2\/comments?post=17712"}],"version-history":[{"count":1,"href":"https:\/\/blogdorogeriogomes.com.br\/noticias\/wp-json\/wp\/v2\/posts\/17712\/revisions"}],"predecessor-version":[{"id":17714,"href":"https:\/\/blogdorogeriogomes.com.br\/noticias\/wp-json\/wp\/v2\/posts\/17712\/revisions\/17714"}],"wp:attachment":[{"href":"https:\/\/blogdorogeriogomes.com.br\/noticias\/wp-json\/wp\/v2\/media?parent=17712"}],"wp:term":[{"taxonomy":"category","embeddable":true,"href":"https:\/\/blogdorogeriogomes.com.br\/noticias\/wp-json\/wp\/v2\/categories?post=17712"},{"taxonomy":"post_tag","embeddable":true,"href":"https:\/\/blogdorogeriogomes.com.br\/noticias\/wp-json\/wp\/v2\/tags?post=17712"}],"curies":[{"name":"wp","href":"https:\/\/api.w.org\/{rel}","templated":true}]}}