{"id":17715,"date":"2020-07-28T23:35:28","date_gmt":"2020-07-28T23:35:28","guid":{"rendered":"https:\/\/blogdorogeriogomes.com.br\/?p=17715"},"modified":"2020-07-28T23:38:23","modified_gmt":"2020-07-28T23:38:23","slug":"pais-de-alunos-devem-se-reunir-com-camilo-santana-e-roberto-claudio-para-discutir-sobre-prazo-da-volta-das-aulas-presenciais","status":"publish","type":"post","link":"https:\/\/blogdorogeriogomes.com.br\/noticias\/2020\/07\/pais-de-alunos-devem-se-reunir-com-camilo-santana-e-roberto-claudio-para-discutir-sobre-prazo-da-volta-das-aulas-presenciais\/","title":{"rendered":"Pais de alunos devem se reunir com Camilo Santana e Roberto Cl\u00e1udio para discutir sobre prazo da volta das aulas presenciais"},"content":{"rendered":"\n<p>Representantes de pais de alunos de escolas p\u00fablicas e particulares devem se reunir ainda esta semana com o governador Camilo Santana e com o prefeito de Fortaleza, Roberto Cl\u00e1udio, para discutir a retomada das aulas presenciais. Devido a pandemia da Covid-19, as aulas est\u00e3o, que suspensas desde mar\u00e7o passado. Escolas particulares e p\u00fablicas t\u00eam mantido atividades para os alunos de forma on line, mas h\u00e1 press\u00e3o para que as aulas presenciais retornem a partir de 3 de agosto. Nesta ter\u00e7a-feira, dia 28 de julho, duas associa\u00e7\u00f5es de escolas particulares organizaram uma carreata na Capital para pressionar o Governo Estadual pelo retorno das aulas.<\/p>\n\n\n\n<p>Camilo Santana, no entanto, tem refor\u00e7ado a ideia que n\u00e3o pode haver precipita\u00e7\u00e3o no retorno de todas as atividades de uma s\u00f3 vez. Apesar da queda na incid\u00eancia do coronav\u00edrus no Cear\u00e1, em v\u00e1rios estados brasileiros a doen\u00e7a tem apresentado sinais de uma segunda onda, com n\u00fameros crescentes de novos casos e mortes.<\/p>\n\n\n\n<p>&#8220;A volta \u00e0s aulas continua sendo reavaliada nesta semana para que a gente possa estabelecer prazos, protocolos, fazer o monitoramento para que possamos retomar essa atividade da forma mais segura poss\u00edvel, ouvindo pais, familiares, estudantes, professores. Essa ser\u00e1 uma constru\u00e7\u00e3o, como a gente tem feito ao longo dessa pandemia&#8221;, ressaltou o governador Camilo Santana.<\/p>\n\n\n\n<figure class=\"wp-block-image size-large\"><img loading=\"lazy\" decoding=\"async\" width=\"739\" height=\"415\" src=\"https:\/\/blogdorogeriogomes.com.br\/wp-content\/uploads\/2020\/07\/images-1-6.jpeg\" alt=\"\" class=\"wp-image-17716\" srcset=\"https:\/\/blogdorogeriogomes.com.br\/noticias\/wp-content\/uploads\/2020\/07\/images-1-6.jpeg 739w, https:\/\/blogdorogeriogomes.com.br\/noticias\/wp-content\/uploads\/2020\/07\/images-1-6-300x168.jpeg 300w\" sizes=\"auto, (max-width: 739px) 100vw, 739px\" \/><\/figure>\n\n\n\n<p><\/p>\n","protected":false},"excerpt":{"rendered":"<p>Representantes de pais de alunos de escolas p\u00fablicas e particulares devem se reunir ainda esta semana com o governador Camilo Santana e com o prefeito de Fortaleza, Roberto Cl\u00e1udio, para discutir a retomada das aulas presenciais. Devido a pandemia da Covid-19, as aulas est\u00e3o, que suspensas desde mar\u00e7o passado. Escolas particulares e p\u00fablicas t\u00eam mantido atividades para os alunos de forma on line, mas h\u00e1 press\u00e3o para que as aulas presenciais retornem a partir de 3 de agosto. Nesta&hellip;<\/p>\n","protected":false},"author":1,"featured_media":0,"comment_status":"open","ping_status":"open","sticky":false,"template":"","format":"standard","meta":{"footnotes":""},"categories":[1],"tags":[],"class_list":["post-17715","post","type-post","status-publish","format-standard","hentry","category-noticias"],"_links":{"self":[{"href":"https:\/\/blogdorogeriogomes.com.br\/noticias\/wp-json\/wp\/v2\/posts\/17715","targetHints":{"allow":["GET"]}}],"collection":[{"href":"https:\/\/blogdorogeriogomes.com.br\/noticias\/wp-json\/wp\/v2\/posts"}],"about":[{"href":"https:\/\/blogdorogeriogomes.com.br\/noticias\/wp-json\/wp\/v2\/types\/post"}],"author":[{"embeddable":true,"href":"https:\/\/blogdorogeriogomes.com.br\/noticias\/wp-json\/wp\/v2\/users\/1"}],"replies":[{"embeddable":true,"href":"https:\/\/blogdorogeriogomes.com.br\/noticias\/wp-json\/wp\/v2\/comments?post=17715"}],"version-history":[{"count":2,"href":"https:\/\/blogdorogeriogomes.com.br\/noticias\/wp-json\/wp\/v2\/posts\/17715\/revisions"}],"predecessor-version":[{"id":17718,"href":"https:\/\/blogdorogeriogomes.com.br\/noticias\/wp-json\/wp\/v2\/posts\/17715\/revisions\/17718"}],"wp:attachment":[{"href":"https:\/\/blogdorogeriogomes.com.br\/noticias\/wp-json\/wp\/v2\/media?parent=17715"}],"wp:term":[{"taxonomy":"category","embeddable":true,"href":"https:\/\/blogdorogeriogomes.com.br\/noticias\/wp-json\/wp\/v2\/categories?post=17715"},{"taxonomy":"post_tag","embeddable":true,"href":"https:\/\/blogdorogeriogomes.com.br\/noticias\/wp-json\/wp\/v2\/tags?post=17715"}],"curies":[{"name":"wp","href":"https:\/\/api.w.org\/{rel}","templated":true}]}}