{"id":17719,"date":"2020-07-29T09:20:12","date_gmt":"2020-07-29T09:20:12","guid":{"rendered":"https:\/\/blogdorogeriogomes.com.br\/?p=17719"},"modified":"2020-07-29T09:20:14","modified_gmt":"2020-07-29T09:20:14","slug":"governo-do-estado-confirma-que-hospital-leonardo-da-vinci-em-fortaleza-sera-integrado-a-rede-hospitalar-do-ceara","status":"publish","type":"post","link":"https:\/\/blogdorogeriogomes.com.br\/noticias\/2020\/07\/governo-do-estado-confirma-que-hospital-leonardo-da-vinci-em-fortaleza-sera-integrado-a-rede-hospitalar-do-ceara\/","title":{"rendered":"Governo do Estado confirma que Hospital Leonardo da Vinci em Fortaleza ser\u00e1 integrado \u00e0 rede hospitalar do Cear\u00e1"},"content":{"rendered":"\n<p>O Hospital Leonardo Da Vinci, que estava desativado h\u00e1 alguns anos, foi requisitado pelo Governo do Estado em mar\u00e7o para compor a rede de hospitais no enfrentamento da Covid-19 no Cear\u00e1. A umidade teve importante papel no acolhimento de pacientes. Foram pelo menos 1.900 atendimentos nos \u00faltimos quatro meses. Nesta ter\u00e7a-feira, dia 28 de julho, a Secretaria de Sa\u00fade do Cear\u00e1 confirmou que o hospital permanecer\u00e1 a servi\u00e7o do Estado, mesmo depois da pandemia.<\/p>\n\n\n\n<p>&#8220;Existem propostas e estamos vendo a viabilidade. Um deles \u00e9 que ele permane\u00e7a sendo a refer\u00eancia em doen\u00e7as infecto parasit\u00e1rias, at\u00e9 porque a equipe toda j\u00e1 foi treinada nas formas de biosseguran\u00e7a mais exigentes e n\u00e3o \u00e9 interessante que a gente perca esse investimento que foi feito&#8221;, destaca Magda Almeida, que \u00e9 Secret\u00e1ria Executiva de Vigil\u00e2ncia e Regula\u00e7\u00e3o da Secretaria de Sa\u00fade do Estado do Cear\u00e1 (Sesa).<\/p>\n\n\n\n<p>Segundo boletim da Sesa, o Cear\u00e1 soma, at\u00e9 ter\u00e7a-feira, 7.616 mortes causadas pela Covid-19. H\u00e1 nove semanas consecutivas, desde o final de maio, o Estado vem apresentando n\u00fameros menores de mortes. Al\u00e9m disso, h\u00e1 cinco semanas, tamb\u00e9m h\u00e1 quedas consecutivas nos registros de novos casos. S\u00e3o 165.703 pessoas infectadas pela doen\u00e7a no Cear\u00e1.<\/p>\n\n\n\n<figure class=\"wp-block-image size-large\"><img loading=\"lazy\" decoding=\"async\" width=\"678\" height=\"452\" src=\"https:\/\/blogdorogeriogomes.com.br\/wp-content\/uploads\/2020\/07\/images-2-5.jpeg\" alt=\"\" class=\"wp-image-17720\" srcset=\"https:\/\/blogdorogeriogomes.com.br\/noticias\/wp-content\/uploads\/2020\/07\/images-2-5.jpeg 678w, https:\/\/blogdorogeriogomes.com.br\/noticias\/wp-content\/uploads\/2020\/07\/images-2-5-300x200.jpeg 300w\" sizes=\"auto, (max-width: 678px) 100vw, 678px\" \/><\/figure>\n","protected":false},"excerpt":{"rendered":"<p>O Hospital Leonardo Da Vinci, que estava desativado h\u00e1 alguns anos, foi requisitado pelo Governo do Estado em mar\u00e7o para compor a rede de hospitais no enfrentamento da Covid-19 no Cear\u00e1. A umidade teve importante papel no acolhimento de pacientes. Foram pelo menos 1.900 atendimentos nos \u00faltimos quatro meses. Nesta ter\u00e7a-feira, dia 28 de julho, a Secretaria de Sa\u00fade do Cear\u00e1 confirmou que o hospital permanecer\u00e1 a servi\u00e7o do Estado, mesmo depois da pandemia. &#8220;Existem propostas e estamos vendo&hellip;<\/p>\n","protected":false},"author":1,"featured_media":0,"comment_status":"open","ping_status":"open","sticky":false,"template":"","format":"standard","meta":{"footnotes":""},"categories":[1],"tags":[],"class_list":["post-17719","post","type-post","status-publish","format-standard","hentry","category-noticias"],"_links":{"self":[{"href":"https:\/\/blogdorogeriogomes.com.br\/noticias\/wp-json\/wp\/v2\/posts\/17719","targetHints":{"allow":["GET"]}}],"collection":[{"href":"https:\/\/blogdorogeriogomes.com.br\/noticias\/wp-json\/wp\/v2\/posts"}],"about":[{"href":"https:\/\/blogdorogeriogomes.com.br\/noticias\/wp-json\/wp\/v2\/types\/post"}],"author":[{"embeddable":true,"href":"https:\/\/blogdorogeriogomes.com.br\/noticias\/wp-json\/wp\/v2\/users\/1"}],"replies":[{"embeddable":true,"href":"https:\/\/blogdorogeriogomes.com.br\/noticias\/wp-json\/wp\/v2\/comments?post=17719"}],"version-history":[{"count":1,"href":"https:\/\/blogdorogeriogomes.com.br\/noticias\/wp-json\/wp\/v2\/posts\/17719\/revisions"}],"predecessor-version":[{"id":17721,"href":"https:\/\/blogdorogeriogomes.com.br\/noticias\/wp-json\/wp\/v2\/posts\/17719\/revisions\/17721"}],"wp:attachment":[{"href":"https:\/\/blogdorogeriogomes.com.br\/noticias\/wp-json\/wp\/v2\/media?parent=17719"}],"wp:term":[{"taxonomy":"category","embeddable":true,"href":"https:\/\/blogdorogeriogomes.com.br\/noticias\/wp-json\/wp\/v2\/categories?post=17719"},{"taxonomy":"post_tag","embeddable":true,"href":"https:\/\/blogdorogeriogomes.com.br\/noticias\/wp-json\/wp\/v2\/tags?post=17719"}],"curies":[{"name":"wp","href":"https:\/\/api.w.org\/{rel}","templated":true}]}}