{"id":17722,"date":"2020-07-29T09:42:53","date_gmt":"2020-07-29T09:42:53","guid":{"rendered":"https:\/\/blogdorogeriogomes.com.br\/?p=17722"},"modified":"2020-07-29T09:42:55","modified_gmt":"2020-07-29T09:42:55","slug":"procurador-geral-da-republica-augusto-aras-diz-que-lava-jato-possui-caixa-de-segredos","status":"publish","type":"post","link":"https:\/\/blogdorogeriogomes.com.br\/noticias\/2020\/07\/procurador-geral-da-republica-augusto-aras-diz-que-lava-jato-possui-caixa-de-segredos\/","title":{"rendered":"Procurador Geral da Rep\u00fablica, Augusto Aras, diz que Lava Jato possui &#8220;caixa de segredos&#8221;"},"content":{"rendered":"\n<p>Em flagrante confronto com a forma de atuar da Opera\u00e7\u00e3o Lava Jato, o procurador-geral da Rep\u00fablica, Augusto Aras, garante os procuradores da Lava Jato em Curitiba t\u00eam mais dados armazenados que todo o sistema \u00fanico do Minist\u00e9rio P\u00fablico Federal e que esses dados cont\u00eam informa\u00e7\u00f5es sobre 38 mil pessoas. &#8220;N\u00e3o se pode imaginar que uma unidade institucional se fa\u00e7a com segredos, com caixas de segredos&#8221;, ponderou.<\/p>\n\n\n\n<p>Em entrevista a advogados pelas redes sociais, nesta ter\u00e7a-feira, dia 28 de julho, o chefe da Procuradoria-Geral da Rep\u00fablica disse que h\u00e1 um &#8220;MPF do B&#8221; e argumentou que 50 mil documentos est\u00e3o &#8220;invis\u00edveis \u00e0 corregedoria-geral&#8221; do MPF. Augusto Aras, no entanto, n\u00e3o disse quem estaria ocultando os documentos.<\/p>\n\n\n\n<p>Ap\u00f3s autoriza\u00e7\u00e3o do Supremo Tribunal Federal, a Procuradoria Geral da Rep\u00fablica iniciou uma devassa nas a\u00e7\u00f5es da Opera\u00e7\u00e3o Lava Jato, que \u00e9 acusada de utilizar procedimentos que v\u00e3o de encontro ao Direito Legal. Comprovadas as irregularidades muitos processos poder\u00e3o vir a ser anulados no futuro.<\/p>\n\n\n\n<figure class=\"wp-block-image size-large\"><img loading=\"lazy\" decoding=\"async\" width=\"679\" height=\"451\" src=\"https:\/\/blogdorogeriogomes.com.br\/wp-content\/uploads\/2020\/07\/images-3-4.jpeg\" alt=\"\" class=\"wp-image-17723\" srcset=\"https:\/\/blogdorogeriogomes.com.br\/noticias\/wp-content\/uploads\/2020\/07\/images-3-4.jpeg 679w, https:\/\/blogdorogeriogomes.com.br\/noticias\/wp-content\/uploads\/2020\/07\/images-3-4-300x199.jpeg 300w\" sizes=\"auto, (max-width: 679px) 100vw, 679px\" \/><\/figure>\n\n\n\n<p><\/p>\n","protected":false},"excerpt":{"rendered":"<p>Em flagrante confronto com a forma de atuar da Opera\u00e7\u00e3o Lava Jato, o procurador-geral da Rep\u00fablica, Augusto Aras, garante os procuradores da Lava Jato em Curitiba t\u00eam mais dados armazenados que todo o sistema \u00fanico do Minist\u00e9rio P\u00fablico Federal e que esses dados cont\u00eam informa\u00e7\u00f5es sobre 38 mil pessoas. &#8220;N\u00e3o se pode imaginar que uma unidade institucional se fa\u00e7a com segredos, com caixas de segredos&#8221;, ponderou. Em entrevista a advogados pelas redes sociais, nesta ter\u00e7a-feira, dia 28 de julho,&hellip;<\/p>\n","protected":false},"author":1,"featured_media":0,"comment_status":"open","ping_status":"open","sticky":false,"template":"","format":"standard","meta":{"footnotes":""},"categories":[1],"tags":[],"class_list":["post-17722","post","type-post","status-publish","format-standard","hentry","category-noticias"],"_links":{"self":[{"href":"https:\/\/blogdorogeriogomes.com.br\/noticias\/wp-json\/wp\/v2\/posts\/17722","targetHints":{"allow":["GET"]}}],"collection":[{"href":"https:\/\/blogdorogeriogomes.com.br\/noticias\/wp-json\/wp\/v2\/posts"}],"about":[{"href":"https:\/\/blogdorogeriogomes.com.br\/noticias\/wp-json\/wp\/v2\/types\/post"}],"author":[{"embeddable":true,"href":"https:\/\/blogdorogeriogomes.com.br\/noticias\/wp-json\/wp\/v2\/users\/1"}],"replies":[{"embeddable":true,"href":"https:\/\/blogdorogeriogomes.com.br\/noticias\/wp-json\/wp\/v2\/comments?post=17722"}],"version-history":[{"count":1,"href":"https:\/\/blogdorogeriogomes.com.br\/noticias\/wp-json\/wp\/v2\/posts\/17722\/revisions"}],"predecessor-version":[{"id":17724,"href":"https:\/\/blogdorogeriogomes.com.br\/noticias\/wp-json\/wp\/v2\/posts\/17722\/revisions\/17724"}],"wp:attachment":[{"href":"https:\/\/blogdorogeriogomes.com.br\/noticias\/wp-json\/wp\/v2\/media?parent=17722"}],"wp:term":[{"taxonomy":"category","embeddable":true,"href":"https:\/\/blogdorogeriogomes.com.br\/noticias\/wp-json\/wp\/v2\/categories?post=17722"},{"taxonomy":"post_tag","embeddable":true,"href":"https:\/\/blogdorogeriogomes.com.br\/noticias\/wp-json\/wp\/v2\/tags?post=17722"}],"curies":[{"name":"wp","href":"https:\/\/api.w.org\/{rel}","templated":true}]}}