{"id":17726,"date":"2020-07-29T20:41:56","date_gmt":"2020-07-29T20:41:56","guid":{"rendered":"https:\/\/blogdorogeriogomes.com.br\/?p=17726"},"modified":"2020-07-29T20:41:59","modified_gmt":"2020-07-29T20:41:59","slug":"senado-federal-aprova-projeto-que-prorroga-ate-novembro-ajuda-a-estados-e-municipios","status":"publish","type":"post","link":"https:\/\/blogdorogeriogomes.com.br\/noticias\/2020\/07\/senado-federal-aprova-projeto-que-prorroga-ate-novembro-ajuda-a-estados-e-municipios\/","title":{"rendered":"Senado Federal aprova projeto que prorroga at\u00e9 novembro ajuda a estados e munic\u00edpios"},"content":{"rendered":"\n<p>O Senado Federal aprovou, durante sess\u00e3o remota desta quarta-feira, dia 29 de julho, projeto que prorroga at\u00e9 novembro a ajuda da Uni\u00e3o a estados e munic\u00edpios. A mat\u00e9ria foi relatada pelo senador cearense Cid Gomes (PDT) e determina a compensa\u00e7\u00e3o a estados e munic\u00edpios por perdas na arrecada\u00e7\u00e3o do Fundo de Participa\u00e7\u00e3o dos Estados (FPE) e do Fundo de Participa\u00e7\u00e3o dos Munic\u00edpios (FPM).<\/p>\n\n\n\n<p>O projeto, j\u00e1 aprovado pela C\u00e2mara dos Deputados, decorre da Medida Provis\u00f3ria 938\/20, que previa um total de R$ 16 bilh\u00f5es como ajuda aos entes federativos de mar\u00e7o at\u00e9 junho deste ano. \u201cFelizmente, as perdas n\u00e3o foram t\u00e3o grandes como as projetadas e houve at\u00e9 junho um repasse de algo em torno de R$ 9,9 bilh\u00f5es. Ou seja, do total que estava previsto na MP 938, ficam dispon\u00edveis ainda R$ 6,1 bilh\u00f5es que poder\u00e3o ser usados entre julho e novembro\u201d, explicou Cid Gomes.<\/p>\n\n\n\n<p>Cid ressaltou a import\u00e2ncia da prorroga\u00e7\u00e3o da ajuda j\u00e1 que a expectativa de uma r\u00e1pida retomada da atividade econ\u00f4mica n\u00e3o se confirmou. \u201cH\u00e1, isto sim, a necessidade de um prolongamento das pol\u00edticas de distanciamento social, com reflexos negativos sobre a sa\u00fade financeira dos entes subnacionais\u201d, completou.<\/p>\n\n\n\n<figure class=\"wp-block-image size-large\"><img loading=\"lazy\" decoding=\"async\" width=\"1024\" height=\"682\" src=\"https:\/\/blogdorogeriogomes.com.br\/wp-content\/uploads\/2020\/07\/IMG-20200729-WA0106-1024x682.jpg\" alt=\"\" class=\"wp-image-17727\" srcset=\"https:\/\/blogdorogeriogomes.com.br\/noticias\/wp-content\/uploads\/2020\/07\/IMG-20200729-WA0106-1024x682.jpg 1024w, https:\/\/blogdorogeriogomes.com.br\/noticias\/wp-content\/uploads\/2020\/07\/IMG-20200729-WA0106-300x200.jpg 300w, https:\/\/blogdorogeriogomes.com.br\/noticias\/wp-content\/uploads\/2020\/07\/IMG-20200729-WA0106-768x512.jpg 768w, https:\/\/blogdorogeriogomes.com.br\/noticias\/wp-content\/uploads\/2020\/07\/IMG-20200729-WA0106-800x533.jpg 800w, https:\/\/blogdorogeriogomes.com.br\/noticias\/wp-content\/uploads\/2020\/07\/IMG-20200729-WA0106.jpg 1280w\" sizes=\"auto, (max-width: 1024px) 100vw, 1024px\" \/><\/figure>\n\n\n\n<p><\/p>\n","protected":false},"excerpt":{"rendered":"<p>O Senado Federal aprovou, durante sess\u00e3o remota desta quarta-feira, dia 29 de julho, projeto que prorroga at\u00e9 novembro a ajuda da Uni\u00e3o a estados e munic\u00edpios. A mat\u00e9ria foi relatada pelo senador cearense Cid Gomes (PDT) e determina a compensa\u00e7\u00e3o a estados e munic\u00edpios por perdas na arrecada\u00e7\u00e3o do Fundo de Participa\u00e7\u00e3o dos Estados (FPE) e do Fundo de Participa\u00e7\u00e3o dos Munic\u00edpios (FPM). O projeto, j\u00e1 aprovado pela C\u00e2mara dos Deputados, decorre da Medida Provis\u00f3ria 938\/20, que previa um&hellip;<\/p>\n","protected":false},"author":1,"featured_media":0,"comment_status":"open","ping_status":"open","sticky":false,"template":"","format":"standard","meta":{"footnotes":""},"categories":[1],"tags":[],"class_list":["post-17726","post","type-post","status-publish","format-standard","hentry","category-noticias"],"_links":{"self":[{"href":"https:\/\/blogdorogeriogomes.com.br\/noticias\/wp-json\/wp\/v2\/posts\/17726","targetHints":{"allow":["GET"]}}],"collection":[{"href":"https:\/\/blogdorogeriogomes.com.br\/noticias\/wp-json\/wp\/v2\/posts"}],"about":[{"href":"https:\/\/blogdorogeriogomes.com.br\/noticias\/wp-json\/wp\/v2\/types\/post"}],"author":[{"embeddable":true,"href":"https:\/\/blogdorogeriogomes.com.br\/noticias\/wp-json\/wp\/v2\/users\/1"}],"replies":[{"embeddable":true,"href":"https:\/\/blogdorogeriogomes.com.br\/noticias\/wp-json\/wp\/v2\/comments?post=17726"}],"version-history":[{"count":1,"href":"https:\/\/blogdorogeriogomes.com.br\/noticias\/wp-json\/wp\/v2\/posts\/17726\/revisions"}],"predecessor-version":[{"id":17728,"href":"https:\/\/blogdorogeriogomes.com.br\/noticias\/wp-json\/wp\/v2\/posts\/17726\/revisions\/17728"}],"wp:attachment":[{"href":"https:\/\/blogdorogeriogomes.com.br\/noticias\/wp-json\/wp\/v2\/media?parent=17726"}],"wp:term":[{"taxonomy":"category","embeddable":true,"href":"https:\/\/blogdorogeriogomes.com.br\/noticias\/wp-json\/wp\/v2\/categories?post=17726"},{"taxonomy":"post_tag","embeddable":true,"href":"https:\/\/blogdorogeriogomes.com.br\/noticias\/wp-json\/wp\/v2\/tags?post=17726"}],"curies":[{"name":"wp","href":"https:\/\/api.w.org\/{rel}","templated":true}]}}