{"id":17732,"date":"2020-07-30T09:14:45","date_gmt":"2020-07-30T09:14:45","guid":{"rendered":"https:\/\/blogdorogeriogomes.com.br\/?p=17732"},"modified":"2020-07-30T09:14:47","modified_gmt":"2020-07-30T09:14:47","slug":"assembleia-legislativa-deve-votar-auxilio-para-catadores-de-lixo-nesta-quinta-feira","status":"publish","type":"post","link":"https:\/\/blogdorogeriogomes.com.br\/noticias\/2020\/07\/assembleia-legislativa-deve-votar-auxilio-para-catadores-de-lixo-nesta-quinta-feira\/","title":{"rendered":"Assembleia Legislativa deve votar aux\u00edlio para catadores de lixo nesta quinta-feira"},"content":{"rendered":"\n<p>A Assembleia Legislativa do Cear\u00e1 deve ter a sua segunda sess\u00e3o presencial nesta quinta-feira, dia 30 de julho. Os deputados estaduais devem votar o projeto do Governo Estadual que estabelece o pagamento de um aux\u00edlio mensal aos catadores de lixo e res\u00edduos s\u00f3lidos em todo o Cear\u00e1. A proposta j\u00e1 foi aprovada em reuni\u00e3o conjunta de cinco comiss\u00f5es tem\u00e1ticas da Casa, com tr\u00eas emendas parlamentares.<\/p>\n\n\n\n<p>O projeto do Executivo, que institui o Programa Estadual de Refor\u00e7o \u00e0 Renda decorrente da Presta\u00e7\u00e3o de Servi\u00e7os Ambientais no Estado, pretende criar um benef\u00edcio equivalente a 25% do sal\u00e1rio m\u00ednimo, cerca de R$ 261 reais, para dar suporte financeiro a catadores de res\u00edduos durante o per\u00edodo de calamidade p\u00fablica ocasionado pela Covid-19.<\/p>\n\n\n\n<figure class=\"wp-block-image size-large\"><img loading=\"lazy\" decoding=\"async\" width=\"679\" height=\"452\" src=\"https:\/\/blogdorogeriogomes.com.br\/wp-content\/uploads\/2020\/07\/images-4-5.jpeg\" alt=\"\" class=\"wp-image-17733\" srcset=\"https:\/\/blogdorogeriogomes.com.br\/noticias\/wp-content\/uploads\/2020\/07\/images-4-5.jpeg 679w, https:\/\/blogdorogeriogomes.com.br\/noticias\/wp-content\/uploads\/2020\/07\/images-4-5-300x200.jpeg 300w\" sizes=\"auto, (max-width: 679px) 100vw, 679px\" \/><\/figure>\n\n\n\n<p>Em contrapartida ao projeto, os catadores beneficiados dever\u00e3o realizar atividades de reciclagem, reutiliza\u00e7\u00e3o e tratamento de res\u00edduos s\u00f3lidos. <\/p>\n","protected":false},"excerpt":{"rendered":"<p>A Assembleia Legislativa do Cear\u00e1 deve ter a sua segunda sess\u00e3o presencial nesta quinta-feira, dia 30 de julho. Os deputados estaduais devem votar o projeto do Governo Estadual que estabelece o pagamento de um aux\u00edlio mensal aos catadores de lixo e res\u00edduos s\u00f3lidos em todo o Cear\u00e1. A proposta j\u00e1 foi aprovada em reuni\u00e3o conjunta de cinco comiss\u00f5es tem\u00e1ticas da Casa, com tr\u00eas emendas parlamentares. O projeto do Executivo, que institui o Programa Estadual de Refor\u00e7o \u00e0 Renda decorrente&hellip;<\/p>\n","protected":false},"author":1,"featured_media":0,"comment_status":"open","ping_status":"open","sticky":false,"template":"","format":"standard","meta":{"footnotes":""},"categories":[1],"tags":[],"class_list":["post-17732","post","type-post","status-publish","format-standard","hentry","category-noticias"],"_links":{"self":[{"href":"https:\/\/blogdorogeriogomes.com.br\/noticias\/wp-json\/wp\/v2\/posts\/17732","targetHints":{"allow":["GET"]}}],"collection":[{"href":"https:\/\/blogdorogeriogomes.com.br\/noticias\/wp-json\/wp\/v2\/posts"}],"about":[{"href":"https:\/\/blogdorogeriogomes.com.br\/noticias\/wp-json\/wp\/v2\/types\/post"}],"author":[{"embeddable":true,"href":"https:\/\/blogdorogeriogomes.com.br\/noticias\/wp-json\/wp\/v2\/users\/1"}],"replies":[{"embeddable":true,"href":"https:\/\/blogdorogeriogomes.com.br\/noticias\/wp-json\/wp\/v2\/comments?post=17732"}],"version-history":[{"count":1,"href":"https:\/\/blogdorogeriogomes.com.br\/noticias\/wp-json\/wp\/v2\/posts\/17732\/revisions"}],"predecessor-version":[{"id":17734,"href":"https:\/\/blogdorogeriogomes.com.br\/noticias\/wp-json\/wp\/v2\/posts\/17732\/revisions\/17734"}],"wp:attachment":[{"href":"https:\/\/blogdorogeriogomes.com.br\/noticias\/wp-json\/wp\/v2\/media?parent=17732"}],"wp:term":[{"taxonomy":"category","embeddable":true,"href":"https:\/\/blogdorogeriogomes.com.br\/noticias\/wp-json\/wp\/v2\/categories?post=17732"},{"taxonomy":"post_tag","embeddable":true,"href":"https:\/\/blogdorogeriogomes.com.br\/noticias\/wp-json\/wp\/v2\/tags?post=17732"}],"curies":[{"name":"wp","href":"https:\/\/api.w.org\/{rel}","templated":true}]}}