{"id":17736,"date":"2020-07-30T09:43:35","date_gmt":"2020-07-30T09:43:35","guid":{"rendered":"https:\/\/blogdorogeriogomes.com.br\/?p=17736"},"modified":"2020-07-30T09:44:15","modified_gmt":"2020-07-30T09:44:15","slug":"pandemia-provoca-novo-adiamento-no-retorno-presencial-do-inss-e-prorroga-validade-da-carteira-de-estudante","status":"publish","type":"post","link":"https:\/\/blogdorogeriogomes.com.br\/noticias\/2020\/07\/pandemia-provoca-novo-adiamento-no-retorno-presencial-do-inss-e-prorroga-validade-da-carteira-de-estudante\/","title":{"rendered":"Pandemia provoca novo adiamento no retorno presencial do INSS. Validade da carteira de estudante tamb\u00e9m \u00e9 prorrogada"},"content":{"rendered":"\n<p>A pandemia da Covid-19 continua provocando adiamentos no retorno de atividades presenciais. As ag\u00eancias do INSS, por exemplo, que deveriam retornar na pr\u00f3xima segunda-feira, dia 3 de agosto, s\u00f3 v\u00e3o voltar \u00e0s atividades presenciais ao p\u00fablico agora no dia 24 de agosto. Por enquanto, o INSS t\u00eam recebido solicita\u00e7\u00f5es apenas pelo atendimento online. Os postos do INSS est\u00e3o oficialmente fechados desde o \u00faltimo dia 23 mar\u00e7o.<\/p>\n\n\n\n<p>As carteiras estudantis de 2019 em Fortaleza tamb\u00e9m tiveram o prazo de validade renovado at\u00e9 15 de agosto, segundo a Empresa de Transporte Urbano de Fortaleza (Etufor). Durante o per\u00edodo, os estudantes que j\u00e1 possuem o documento podem continuar usando normalmente no transporte p\u00fablico da capital.<\/p>\n\n\n\n<p>No per\u00edodo de isolamento social, o atendimento na Etufor est\u00e1 sendo realizado de forma virtual, por meio de uma plataforma on-line. Os alunos que ainda n\u00e3o pediram o documento de 2020 podem fazer a solicita\u00e7\u00e3o atrav\u00e9s do site da Prefeitura de Fortaleza.<\/p>\n\n\n\n<figure class=\"wp-block-image size-large\"><img loading=\"lazy\" decoding=\"async\" width=\"640\" height=\"480\" src=\"https:\/\/blogdorogeriogomes.com.br\/wp-content\/uploads\/2020\/07\/images-5-5.jpeg\" alt=\"\" class=\"wp-image-17737\" srcset=\"https:\/\/blogdorogeriogomes.com.br\/noticias\/wp-content\/uploads\/2020\/07\/images-5-5.jpeg 640w, https:\/\/blogdorogeriogomes.com.br\/noticias\/wp-content\/uploads\/2020\/07\/images-5-5-300x225.jpeg 300w, https:\/\/blogdorogeriogomes.com.br\/noticias\/wp-content\/uploads\/2020\/07\/images-5-5-400x300.jpeg 400w\" sizes=\"auto, (max-width: 640px) 100vw, 640px\" \/><\/figure>\n\n\n\n<p><\/p>\n","protected":false},"excerpt":{"rendered":"<p>A pandemia da Covid-19 continua provocando adiamentos no retorno de atividades presenciais. As ag\u00eancias do INSS, por exemplo, que deveriam retornar na pr\u00f3xima segunda-feira, dia 3 de agosto, s\u00f3 v\u00e3o voltar \u00e0s atividades presenciais ao p\u00fablico agora no dia 24 de agosto. Por enquanto, o INSS t\u00eam recebido solicita\u00e7\u00f5es apenas pelo atendimento online. Os postos do INSS est\u00e3o oficialmente fechados desde o \u00faltimo dia 23 mar\u00e7o. As carteiras estudantis de 2019 em Fortaleza tamb\u00e9m tiveram o prazo de validade&hellip;<\/p>\n","protected":false},"author":1,"featured_media":0,"comment_status":"open","ping_status":"open","sticky":false,"template":"","format":"standard","meta":{"footnotes":""},"categories":[1],"tags":[],"class_list":["post-17736","post","type-post","status-publish","format-standard","hentry","category-noticias"],"_links":{"self":[{"href":"https:\/\/blogdorogeriogomes.com.br\/noticias\/wp-json\/wp\/v2\/posts\/17736","targetHints":{"allow":["GET"]}}],"collection":[{"href":"https:\/\/blogdorogeriogomes.com.br\/noticias\/wp-json\/wp\/v2\/posts"}],"about":[{"href":"https:\/\/blogdorogeriogomes.com.br\/noticias\/wp-json\/wp\/v2\/types\/post"}],"author":[{"embeddable":true,"href":"https:\/\/blogdorogeriogomes.com.br\/noticias\/wp-json\/wp\/v2\/users\/1"}],"replies":[{"embeddable":true,"href":"https:\/\/blogdorogeriogomes.com.br\/noticias\/wp-json\/wp\/v2\/comments?post=17736"}],"version-history":[{"count":2,"href":"https:\/\/blogdorogeriogomes.com.br\/noticias\/wp-json\/wp\/v2\/posts\/17736\/revisions"}],"predecessor-version":[{"id":17739,"href":"https:\/\/blogdorogeriogomes.com.br\/noticias\/wp-json\/wp\/v2\/posts\/17736\/revisions\/17739"}],"wp:attachment":[{"href":"https:\/\/blogdorogeriogomes.com.br\/noticias\/wp-json\/wp\/v2\/media?parent=17736"}],"wp:term":[{"taxonomy":"category","embeddable":true,"href":"https:\/\/blogdorogeriogomes.com.br\/noticias\/wp-json\/wp\/v2\/categories?post=17736"},{"taxonomy":"post_tag","embeddable":true,"href":"https:\/\/blogdorogeriogomes.com.br\/noticias\/wp-json\/wp\/v2\/tags?post=17736"}],"curies":[{"name":"wp","href":"https:\/\/api.w.org\/{rel}","templated":true}]}}