{"id":17740,"date":"2020-07-30T20:33:58","date_gmt":"2020-07-30T20:33:58","guid":{"rendered":"https:\/\/blogdorogeriogomes.com.br\/?p=17740"},"modified":"2020-08-03T13:47:38","modified_gmt":"2020-08-03T13:47:38","slug":"projeto-na-al-propoe-multa-de-ate-r-300-para-quem-circular-nas-ruas-sem-o-uso-de-mascara-de-protecao-ao-coronavirus","status":"publish","type":"post","link":"https:\/\/blogdorogeriogomes.com.br\/noticias\/2020\/07\/projeto-na-al-propoe-multa-de-ate-r-300-para-quem-circular-nas-ruas-sem-o-uso-de-mascara-de-protecao-ao-coronavirus\/","title":{"rendered":"Projeto na AL prop\u00f5e multa de at\u00e9 R$ 300 para quem circular nas ruas sem o uso de m\u00e1scara de prote\u00e7\u00e3o ao coronav\u00edrus"},"content":{"rendered":"\n<p>Tramita na Assembleia Legislativa do Cear\u00e1 (AL) um projeto de autoria do deputado estadual Walter Cavalcante (MDB) que estipula o valor da multa para quem circular nas ruas de todo o Cear\u00e1 sem a m\u00e1scara de prote\u00e7\u00e3o ao coronav\u00edrus. O valor da multa varia de R$ 100 a R$ 300 reais. No in\u00edcio de julho, a AL aprovou a lei estadual do uso obrigat\u00f3rio da m\u00e1scara, mas est\u00e1 faltando a regulamenta\u00e7\u00e3o do valor da multa a ser cobrada.<\/p>\n\n\n\n<p>Pelo texto do projeto, a puni\u00e7\u00e3o se d\u00e1 a falta do uso da m\u00e1scara em qualquer ambiente ou espa\u00e7o p\u00fablico, inclusive no interior de transporte p\u00fablico ou de estabelecimentos em funcionamento, com autoriza\u00e7\u00e3o do decreto municipal.<\/p>\n\n\n\n<p>Tambem \u00e9 prevista multa para funcion\u00e1rios de estabelecimentos que estejam sem o uso de EPI (equipamentos de prote\u00e7\u00e3o individual), que sejam obrigat\u00f3rios segundo o decreto de isolamento social. A multa nesses casos chega a R$ 1.000 reais.<\/p>\n\n\n\n<p>A Secretaria da Sa\u00fade, a Pol\u00edcia Civil, a Pol\u00edcia Militar, Pol\u00edcia Rodovi\u00e1ria Estadual e o Departamento Estadual de Tr\u00e2nsito e org\u00e3os de fiscaliza\u00e7\u00e3o dos munic\u00edpios ficam respons\u00e1veis pela aplica\u00e7\u00e3o da multa. <\/p>\n\n\n\n<figure class=\"wp-block-image size-large\"><img loading=\"lazy\" decoding=\"async\" width=\"400\" height=\"267\" src=\"https:\/\/blogdorogeriogomes.com.br\/wp-content\/uploads\/2020\/07\/8cc006d11f79a911a913fe254cc90e15_L.jpg\" alt=\"\" class=\"wp-image-17741\" srcset=\"https:\/\/blogdorogeriogomes.com.br\/noticias\/wp-content\/uploads\/2020\/07\/8cc006d11f79a911a913fe254cc90e15_L.jpg 400w, https:\/\/blogdorogeriogomes.com.br\/noticias\/wp-content\/uploads\/2020\/07\/8cc006d11f79a911a913fe254cc90e15_L-300x200.jpg 300w\" sizes=\"auto, (max-width: 400px) 100vw, 400px\" \/><\/figure>\n\n\n\n<p><\/p>\n","protected":false},"excerpt":{"rendered":"<p>Tramita na Assembleia Legislativa do Cear\u00e1 (AL) um projeto de autoria do deputado estadual Walter Cavalcante (MDB) que estipula o valor da multa para quem circular nas ruas de todo o Cear\u00e1 sem a m\u00e1scara de prote\u00e7\u00e3o ao coronav\u00edrus. O valor da multa varia de R$ 100 a R$ 300 reais. No in\u00edcio de julho, a AL aprovou a lei estadual do uso obrigat\u00f3rio da m\u00e1scara, mas est\u00e1 faltando a regulamenta\u00e7\u00e3o do valor da multa a ser cobrada. Pelo&hellip;<\/p>\n","protected":false},"author":1,"featured_media":17741,"comment_status":"open","ping_status":"open","sticky":false,"template":"","format":"standard","meta":{"footnotes":""},"categories":[1],"tags":[],"class_list":["post-17740","post","type-post","status-publish","format-standard","has-post-thumbnail","hentry","category-noticias"],"_links":{"self":[{"href":"https:\/\/blogdorogeriogomes.com.br\/noticias\/wp-json\/wp\/v2\/posts\/17740","targetHints":{"allow":["GET"]}}],"collection":[{"href":"https:\/\/blogdorogeriogomes.com.br\/noticias\/wp-json\/wp\/v2\/posts"}],"about":[{"href":"https:\/\/blogdorogeriogomes.com.br\/noticias\/wp-json\/wp\/v2\/types\/post"}],"author":[{"embeddable":true,"href":"https:\/\/blogdorogeriogomes.com.br\/noticias\/wp-json\/wp\/v2\/users\/1"}],"replies":[{"embeddable":true,"href":"https:\/\/blogdorogeriogomes.com.br\/noticias\/wp-json\/wp\/v2\/comments?post=17740"}],"version-history":[{"count":1,"href":"https:\/\/blogdorogeriogomes.com.br\/noticias\/wp-json\/wp\/v2\/posts\/17740\/revisions"}],"predecessor-version":[{"id":17742,"href":"https:\/\/blogdorogeriogomes.com.br\/noticias\/wp-json\/wp\/v2\/posts\/17740\/revisions\/17742"}],"wp:featuredmedia":[{"embeddable":true,"href":"https:\/\/blogdorogeriogomes.com.br\/noticias\/wp-json\/wp\/v2\/media\/17741"}],"wp:attachment":[{"href":"https:\/\/blogdorogeriogomes.com.br\/noticias\/wp-json\/wp\/v2\/media?parent=17740"}],"wp:term":[{"taxonomy":"category","embeddable":true,"href":"https:\/\/blogdorogeriogomes.com.br\/noticias\/wp-json\/wp\/v2\/categories?post=17740"},{"taxonomy":"post_tag","embeddable":true,"href":"https:\/\/blogdorogeriogomes.com.br\/noticias\/wp-json\/wp\/v2\/tags?post=17740"}],"curies":[{"name":"wp","href":"https:\/\/api.w.org\/{rel}","templated":true}]}}