{"id":17750,"date":"2020-07-31T09:26:14","date_gmt":"2020-07-31T09:26:14","guid":{"rendered":"https:\/\/blogdorogeriogomes.com.br\/?p=17750"},"modified":"2020-08-03T13:46:55","modified_gmt":"2020-08-03T13:46:55","slug":"governo-do-ceara-inicia-as-obras-de-ampliacao-da-zona-de-processamento-de-exportacao-no-pecem","status":"publish","type":"post","link":"https:\/\/blogdorogeriogomes.com.br\/noticias\/2020\/07\/governo-do-ceara-inicia-as-obras-de-ampliacao-da-zona-de-processamento-de-exportacao-no-pecem\/","title":{"rendered":"Governo do Cear\u00e1 inicia as obras de amplia\u00e7\u00e3o da Zona de Processamento de Exporta\u00e7\u00e3o no Pec\u00e9m"},"content":{"rendered":"\n<p>O Governo do Cear\u00e1 deu in\u00edcio \u00e0s obras de amplia\u00e7\u00e3o da Zona de Processamento de Exporta\u00e7\u00e3o (ZPE), no Pec\u00e9m. O Setor 2, como est\u00e1 sendo chamado, fica a cerca de quatro quil\u00f4metros do Setor 1 e ocupar\u00e1 uma \u00e1rea de 240 hectares. Nesta quinta-feira, dia 30 de julho, o governador Camilo Santana foi ao local inspecionar os trabalhos do primeiro m\u00f3dulo, que tem previs\u00e3o de ser entregue at\u00e9 o pr\u00f3ximo m\u00eas de fevereiro e ter\u00e1 23 hectares, com investimento aproximado de R$ 30 milh\u00f5es. Camilo Santana tamb\u00e9m visitou o Porto do Pec\u00e9m, que segue tamb\u00e9m em processo de amplia\u00e7\u00e3o das suas atividades.<\/p>\n\n\n\n<p>Ao lado de Danilo Serpa, presidente da Companhia de Desenvolvimento do Complexo Industrial e Portu\u00e1rio do Pec\u00e9m S.A (CIPP S.A), e M\u00e1rio Lima J\u00fanior, titular da ZPE Cear\u00e1, Camilo Santana afirmou que novas empresas j\u00e1 devem chegar ao local ainda este ano, estimulando a oferta de postos de trabalho e o crescimento da economia em uma retomada importante para superar os efeitos econ\u00f4micos da pandemia do novo coronav\u00edrus.<\/p>\n\n\n\n<figure class=\"wp-block-image size-large\"><img loading=\"lazy\" decoding=\"async\" width=\"1024\" height=\"576\" src=\"https:\/\/blogdorogeriogomes.com.br\/wp-content\/uploads\/2020\/07\/IMG_3046-1200x675-1-1024x576.jpg\" alt=\"\" class=\"wp-image-17751\" srcset=\"https:\/\/blogdorogeriogomes.com.br\/noticias\/wp-content\/uploads\/2020\/07\/IMG_3046-1200x675-1-1024x576.jpg 1024w, https:\/\/blogdorogeriogomes.com.br\/noticias\/wp-content\/uploads\/2020\/07\/IMG_3046-1200x675-1-300x169.jpg 300w, https:\/\/blogdorogeriogomes.com.br\/noticias\/wp-content\/uploads\/2020\/07\/IMG_3046-1200x675-1-768x432.jpg 768w, https:\/\/blogdorogeriogomes.com.br\/noticias\/wp-content\/uploads\/2020\/07\/IMG_3046-1200x675-1-800x450.jpg 800w, https:\/\/blogdorogeriogomes.com.br\/noticias\/wp-content\/uploads\/2020\/07\/IMG_3046-1200x675-1.jpg 1200w\" sizes=\"auto, (max-width: 1024px) 100vw, 1024px\" \/><\/figure>\n","protected":false},"excerpt":{"rendered":"<p>O Governo do Cear\u00e1 deu in\u00edcio \u00e0s obras de amplia\u00e7\u00e3o da Zona de Processamento de Exporta\u00e7\u00e3o (ZPE), no Pec\u00e9m. O Setor 2, como est\u00e1 sendo chamado, fica a cerca de quatro quil\u00f4metros do Setor 1 e ocupar\u00e1 uma \u00e1rea de 240 hectares. Nesta quinta-feira, dia 30 de julho, o governador Camilo Santana foi ao local inspecionar os trabalhos do primeiro m\u00f3dulo, que tem previs\u00e3o de ser entregue at\u00e9 o pr\u00f3ximo m\u00eas de fevereiro e ter\u00e1 23 hectares, com investimento&hellip;<\/p>\n","protected":false},"author":1,"featured_media":17751,"comment_status":"open","ping_status":"open","sticky":false,"template":"","format":"standard","meta":{"footnotes":""},"categories":[1],"tags":[],"class_list":["post-17750","post","type-post","status-publish","format-standard","has-post-thumbnail","hentry","category-noticias"],"_links":{"self":[{"href":"https:\/\/blogdorogeriogomes.com.br\/noticias\/wp-json\/wp\/v2\/posts\/17750","targetHints":{"allow":["GET"]}}],"collection":[{"href":"https:\/\/blogdorogeriogomes.com.br\/noticias\/wp-json\/wp\/v2\/posts"}],"about":[{"href":"https:\/\/blogdorogeriogomes.com.br\/noticias\/wp-json\/wp\/v2\/types\/post"}],"author":[{"embeddable":true,"href":"https:\/\/blogdorogeriogomes.com.br\/noticias\/wp-json\/wp\/v2\/users\/1"}],"replies":[{"embeddable":true,"href":"https:\/\/blogdorogeriogomes.com.br\/noticias\/wp-json\/wp\/v2\/comments?post=17750"}],"version-history":[{"count":1,"href":"https:\/\/blogdorogeriogomes.com.br\/noticias\/wp-json\/wp\/v2\/posts\/17750\/revisions"}],"predecessor-version":[{"id":17752,"href":"https:\/\/blogdorogeriogomes.com.br\/noticias\/wp-json\/wp\/v2\/posts\/17750\/revisions\/17752"}],"wp:featuredmedia":[{"embeddable":true,"href":"https:\/\/blogdorogeriogomes.com.br\/noticias\/wp-json\/wp\/v2\/media\/17751"}],"wp:attachment":[{"href":"https:\/\/blogdorogeriogomes.com.br\/noticias\/wp-json\/wp\/v2\/media?parent=17750"}],"wp:term":[{"taxonomy":"category","embeddable":true,"href":"https:\/\/blogdorogeriogomes.com.br\/noticias\/wp-json\/wp\/v2\/categories?post=17750"},{"taxonomy":"post_tag","embeddable":true,"href":"https:\/\/blogdorogeriogomes.com.br\/noticias\/wp-json\/wp\/v2\/tags?post=17750"}],"curies":[{"name":"wp","href":"https:\/\/api.w.org\/{rel}","templated":true}]}}