{"id":17762,"date":"2020-08-01T11:07:47","date_gmt":"2020-08-01T11:07:47","guid":{"rendered":"https:\/\/blogdorogeriogomes.com.br\/?p=17762"},"modified":"2020-08-03T13:45:17","modified_gmt":"2020-08-03T13:45:17","slug":"camara-inclui-mais-de-dois-mil-mototaxistas-na-dispensa-de-vistoria-ate-fim-do-ano-por-causa-da-pandemia","status":"publish","type":"post","link":"https:\/\/blogdorogeriogomes.com.br\/noticias\/2020\/08\/camara-inclui-mais-de-dois-mil-mototaxistas-na-dispensa-de-vistoria-ate-fim-do-ano-por-causa-da-pandemia\/","title":{"rendered":"C\u00e2mara inclui mais de dois mil mototaxistas na dispensa de vistoria at\u00e9 fim do ano por causa da pandemia"},"content":{"rendered":"\n<p>A C\u00e2mara Municipal de Fortaleza aprovou o projeto de lei de autoria do prefeito Roberto Cl\u00e1udio, que prorroga o calend\u00e1rio de realiza\u00e7\u00e3o de vistorias e amplia a idade m\u00e1xima de ingresso de ve\u00edculos nos modais t\u00e1xi, transporte individual de passageiros por aplicativo e transporte escolar. <\/p>\n\n\n\n<p>A mat\u00e9ria, com pedido de tramita\u00e7\u00e3o em regime de urg\u00eancia, surgiu como um incentivo \u00e0s categorias do transporte privado na Capital diante do impacto econ\u00f4mico gerado pela pandemia. A proposta recebeu adequa\u00e7\u00f5es no texto encaminhado pelo prefeito Roberto Cl\u00e1udio. Dentre as altera\u00e7\u00f5es est\u00e1 a amplia\u00e7\u00e3o de 6 anos (texto original) para 8 anos a idade dos ve\u00edculos operando nos modais t\u00e1xi e transporte por aplicativo e a inclus\u00e3o da categoria de Mototaxistas na prorroga\u00e7\u00e3o do prazo de vistoria para o ano de 2021.<\/p>\n\n\n\n<p>A iniciativa de incluir os mototaxistas da capital na prorroga\u00e7\u00e3o do prazo de vistoria partiu do vereador Benigno J\u00fanior.  Segundo ele, com a medida, cerca de 2.209 mototaxistas da capital ser\u00e3o beneficiados. \u201cEssa \u00e9 uma categoria que tamb\u00e9m vem sofrendo os efeitos da pandemia, pois com o isolamento social perderam muitas corridas e, consequentemente, renda\u201d, explica. Agora,  os mototaxistas ser\u00e3o dispensados de submeterem seus ve\u00edculos \u00e0 vistoria este ano.<\/p>\n\n\n\n<figure class=\"wp-block-image size-large\"><img loading=\"lazy\" decoding=\"async\" width=\"1024\" height=\"683\" src=\"https:\/\/blogdorogeriogomes.com.br\/wp-content\/uploads\/2020\/08\/IMG-20200731-WA0140.jpg\" alt=\"\" class=\"wp-image-17763\" srcset=\"https:\/\/blogdorogeriogomes.com.br\/noticias\/wp-content\/uploads\/2020\/08\/IMG-20200731-WA0140.jpg 1024w, https:\/\/blogdorogeriogomes.com.br\/noticias\/wp-content\/uploads\/2020\/08\/IMG-20200731-WA0140-300x200.jpg 300w, https:\/\/blogdorogeriogomes.com.br\/noticias\/wp-content\/uploads\/2020\/08\/IMG-20200731-WA0140-768x512.jpg 768w, https:\/\/blogdorogeriogomes.com.br\/noticias\/wp-content\/uploads\/2020\/08\/IMG-20200731-WA0140-800x534.jpg 800w\" sizes=\"auto, (max-width: 1024px) 100vw, 1024px\" \/><\/figure>\n\n\n\n<p><\/p>\n","protected":false},"excerpt":{"rendered":"<p>A C\u00e2mara Municipal de Fortaleza aprovou o projeto de lei de autoria do prefeito Roberto Cl\u00e1udio, que prorroga o calend\u00e1rio de realiza\u00e7\u00e3o de vistorias e amplia a idade m\u00e1xima de ingresso de ve\u00edculos nos modais t\u00e1xi, transporte individual de passageiros por aplicativo e transporte escolar. A mat\u00e9ria, com pedido de tramita\u00e7\u00e3o em regime de urg\u00eancia, surgiu como um incentivo \u00e0s categorias do transporte privado na Capital diante do impacto econ\u00f4mico gerado pela pandemia. A proposta recebeu adequa\u00e7\u00f5es no texto&hellip;<\/p>\n","protected":false},"author":1,"featured_media":17763,"comment_status":"open","ping_status":"open","sticky":false,"template":"","format":"standard","meta":{"footnotes":""},"categories":[1],"tags":[],"class_list":["post-17762","post","type-post","status-publish","format-standard","has-post-thumbnail","hentry","category-noticias"],"_links":{"self":[{"href":"https:\/\/blogdorogeriogomes.com.br\/noticias\/wp-json\/wp\/v2\/posts\/17762","targetHints":{"allow":["GET"]}}],"collection":[{"href":"https:\/\/blogdorogeriogomes.com.br\/noticias\/wp-json\/wp\/v2\/posts"}],"about":[{"href":"https:\/\/blogdorogeriogomes.com.br\/noticias\/wp-json\/wp\/v2\/types\/post"}],"author":[{"embeddable":true,"href":"https:\/\/blogdorogeriogomes.com.br\/noticias\/wp-json\/wp\/v2\/users\/1"}],"replies":[{"embeddable":true,"href":"https:\/\/blogdorogeriogomes.com.br\/noticias\/wp-json\/wp\/v2\/comments?post=17762"}],"version-history":[{"count":1,"href":"https:\/\/blogdorogeriogomes.com.br\/noticias\/wp-json\/wp\/v2\/posts\/17762\/revisions"}],"predecessor-version":[{"id":17764,"href":"https:\/\/blogdorogeriogomes.com.br\/noticias\/wp-json\/wp\/v2\/posts\/17762\/revisions\/17764"}],"wp:featuredmedia":[{"embeddable":true,"href":"https:\/\/blogdorogeriogomes.com.br\/noticias\/wp-json\/wp\/v2\/media\/17763"}],"wp:attachment":[{"href":"https:\/\/blogdorogeriogomes.com.br\/noticias\/wp-json\/wp\/v2\/media?parent=17762"}],"wp:term":[{"taxonomy":"category","embeddable":true,"href":"https:\/\/blogdorogeriogomes.com.br\/noticias\/wp-json\/wp\/v2\/categories?post=17762"},{"taxonomy":"post_tag","embeddable":true,"href":"https:\/\/blogdorogeriogomes.com.br\/noticias\/wp-json\/wp\/v2\/tags?post=17762"}],"curies":[{"name":"wp","href":"https:\/\/api.w.org\/{rel}","templated":true}]}}