{"id":17765,"date":"2020-08-01T11:26:18","date_gmt":"2020-08-01T11:26:18","guid":{"rendered":"https:\/\/blogdorogeriogomes.com.br\/?p=17765"},"modified":"2020-08-03T13:45:05","modified_gmt":"2020-08-03T13:45:05","slug":"moraes-aumenta-a-multa-ao-facebook-por-descumprir-retirada-de-contas-bolsonaristas-no-exterior","status":"publish","type":"post","link":"https:\/\/blogdorogeriogomes.com.br\/noticias\/2020\/08\/moraes-aumenta-a-multa-ao-facebook-por-descumprir-retirada-de-contas-bolsonaristas-no-exterior\/","title":{"rendered":"Moraes aumenta a multa ao Facebook por descumprir retirada de contas bolsonaristas no exterior"},"content":{"rendered":"\n<p>Aumenta o confronto entre o ministro do STF, Alexandre de Moraes, e o Facebook. Ap\u00f3s a plataforma anunciar que n\u00e3o iria tirar do ar&nbsp;internacionalmente perfis de militantes bolsonaristas investigados pelo &#8220;inqu\u00e9rito das fake news&#8221;, o ministro Alexandre de Moraes, do Supremo Tribunal Federal, aumentou de R$ 20 mil para R$ 100 mil a multa di\u00e1ria pelo descumprimento da ordem.&nbsp;<\/p>\n\n\n\n<p>O ministro do STF tamb\u00e9m determinou a intima\u00e7\u00e3o pessoal do presidente do Facebook no Brasil, Conrado Leister. De acordo com Moraes, a decis\u00e3o vem sendo descumprida h\u00e1 oito dias.&nbsp;<\/p>\n\n\n\n<p>Segundo Alexandre de Moraes, as mensagens feitas por meio de contas bloqueadas no Brasil n\u00e3o podem continuar a ser divulgadas em outros pa\u00edses. Ele argumentou que &#8220;em momento algum se determinou o bloqueio de divulga\u00e7\u00e3o no exterior, mas o efetivo bloqueio de contas e divulga\u00e7\u00e3o de suas mensagens il\u00edcitas no territ\u00f3rio nacional, n\u00e3o importando o local de origem da postagem&#8221;.<\/p>\n\n\n\n<figure class=\"wp-block-image size-large\"><img loading=\"lazy\" decoding=\"async\" width=\"610\" height=\"380\" src=\"https:\/\/blogdorogeriogomes.com.br\/wp-content\/uploads\/2020\/08\/20200731200728_be34d2d6-afff-4e91-8b67-61ce353a8113.jpeg\" alt=\"\" class=\"wp-image-17766\" srcset=\"https:\/\/blogdorogeriogomes.com.br\/noticias\/wp-content\/uploads\/2020\/08\/20200731200728_be34d2d6-afff-4e91-8b67-61ce353a8113.jpeg 610w, https:\/\/blogdorogeriogomes.com.br\/noticias\/wp-content\/uploads\/2020\/08\/20200731200728_be34d2d6-afff-4e91-8b67-61ce353a8113-300x187.jpeg 300w\" sizes=\"auto, (max-width: 610px) 100vw, 610px\" \/><\/figure>\n","protected":false},"excerpt":{"rendered":"<p>Aumenta o confronto entre o ministro do STF, Alexandre de Moraes, e o Facebook. Ap\u00f3s a plataforma anunciar que n\u00e3o iria tirar do ar&nbsp;internacionalmente perfis de militantes bolsonaristas investigados pelo &#8220;inqu\u00e9rito das fake news&#8221;, o ministro Alexandre de Moraes, do Supremo Tribunal Federal, aumentou de R$ 20 mil para R$ 100 mil a multa di\u00e1ria pelo descumprimento da ordem.&nbsp; O ministro do STF tamb\u00e9m determinou a intima\u00e7\u00e3o pessoal do presidente do Facebook no Brasil, Conrado Leister. De acordo com&hellip;<\/p>\n","protected":false},"author":1,"featured_media":17766,"comment_status":"open","ping_status":"open","sticky":false,"template":"","format":"standard","meta":{"footnotes":""},"categories":[1],"tags":[],"class_list":["post-17765","post","type-post","status-publish","format-standard","has-post-thumbnail","hentry","category-noticias"],"_links":{"self":[{"href":"https:\/\/blogdorogeriogomes.com.br\/noticias\/wp-json\/wp\/v2\/posts\/17765","targetHints":{"allow":["GET"]}}],"collection":[{"href":"https:\/\/blogdorogeriogomes.com.br\/noticias\/wp-json\/wp\/v2\/posts"}],"about":[{"href":"https:\/\/blogdorogeriogomes.com.br\/noticias\/wp-json\/wp\/v2\/types\/post"}],"author":[{"embeddable":true,"href":"https:\/\/blogdorogeriogomes.com.br\/noticias\/wp-json\/wp\/v2\/users\/1"}],"replies":[{"embeddable":true,"href":"https:\/\/blogdorogeriogomes.com.br\/noticias\/wp-json\/wp\/v2\/comments?post=17765"}],"version-history":[{"count":2,"href":"https:\/\/blogdorogeriogomes.com.br\/noticias\/wp-json\/wp\/v2\/posts\/17765\/revisions"}],"predecessor-version":[{"id":17778,"href":"https:\/\/blogdorogeriogomes.com.br\/noticias\/wp-json\/wp\/v2\/posts\/17765\/revisions\/17778"}],"wp:featuredmedia":[{"embeddable":true,"href":"https:\/\/blogdorogeriogomes.com.br\/noticias\/wp-json\/wp\/v2\/media\/17766"}],"wp:attachment":[{"href":"https:\/\/blogdorogeriogomes.com.br\/noticias\/wp-json\/wp\/v2\/media?parent=17765"}],"wp:term":[{"taxonomy":"category","embeddable":true,"href":"https:\/\/blogdorogeriogomes.com.br\/noticias\/wp-json\/wp\/v2\/categories?post=17765"},{"taxonomy":"post_tag","embeddable":true,"href":"https:\/\/blogdorogeriogomes.com.br\/noticias\/wp-json\/wp\/v2\/tags?post=17765"}],"curies":[{"name":"wp","href":"https:\/\/api.w.org\/{rel}","templated":true}]}}