{"id":17768,"date":"2020-08-01T15:03:17","date_gmt":"2020-08-01T15:03:17","guid":{"rendered":"https:\/\/blogdorogeriogomes.com.br\/?p=17768"},"modified":"2020-08-03T13:44:31","modified_gmt":"2020-08-03T13:44:31","slug":"governo-do-ceara-confirma-que-o-retorno-das-aulas-presenciais-so-deve-ocorrer-em-setembro","status":"publish","type":"post","link":"https:\/\/blogdorogeriogomes.com.br\/noticias\/2020\/08\/governo-do-ceara-confirma-que-o-retorno-das-aulas-presenciais-so-deve-ocorrer-em-setembro\/","title":{"rendered":"Governo do Cear\u00e1 confirma que o retorno das aulas presenciais s\u00f3 deve ocorrer em setembro"},"content":{"rendered":"\n<p>O Governo do Cear\u00e1 n\u00e3o cedeu \u00e0s press\u00f5es das escolas particulares e confirmou que o retorno das aulas presenciais na rede de ensino p\u00fablica e privada s\u00f3 deve acontecer em setembro. A medida tamb\u00e9m vale para as universidades. O an\u00fancio foi feito no in\u00edcio da tarde deste s\u00e1bado, dia 1\u00b0 de agosto, pelo governador do Cear\u00e1, Camilo Santana, e pelo prefeito de Fortaleza, Roberto Cl\u00e1udio.<\/p>\n\n\n\n<p>Segundo Camilo Santana, todo o protocolo de retomada das aulas presenciais ser\u00e1 discutido com o setor, incluindo escolas, professores e pais de alunos, ao longo do m\u00eas de agosto. A volta das aulas tamb\u00e9m est\u00e1 condicionada \u00e0 tendencia de queda no n\u00famero de casos e mortes por Covid-19 em todo o Estado.<\/p>\n\n\n\n<p>Camilo Santana e Roberto Cl\u00e1udio afirmaram ainda que n\u00e3o h\u00e1 datas ainda para a retomada de eventos e espet\u00e1culos, bares, cinemas e teatros. Segundo eles, qualquer tipo de evento que venha a provocar aglomera\u00e7\u00f5es pode vir a gerar a possibilidade de uma segunda onda do coronav\u00edrus no Cear\u00e1.<\/p>\n\n\n\n<figure class=\"wp-block-image size-large\"><img loading=\"lazy\" decoding=\"async\" width=\"739\" height=\"415\" src=\"https:\/\/blogdorogeriogomes.com.br\/wp-content\/uploads\/2020\/08\/images-8.jpeg\" alt=\"\" class=\"wp-image-17769\" srcset=\"https:\/\/blogdorogeriogomes.com.br\/noticias\/wp-content\/uploads\/2020\/08\/images-8.jpeg 739w, https:\/\/blogdorogeriogomes.com.br\/noticias\/wp-content\/uploads\/2020\/08\/images-8-300x168.jpeg 300w\" sizes=\"auto, (max-width: 739px) 100vw, 739px\" \/><\/figure>\n","protected":false},"excerpt":{"rendered":"<p>O Governo do Cear\u00e1 n\u00e3o cedeu \u00e0s press\u00f5es das escolas particulares e confirmou que o retorno das aulas presenciais na rede de ensino p\u00fablica e privada s\u00f3 deve acontecer em setembro. A medida tamb\u00e9m vale para as universidades. O an\u00fancio foi feito no in\u00edcio da tarde deste s\u00e1bado, dia 1\u00b0 de agosto, pelo governador do Cear\u00e1, Camilo Santana, e pelo prefeito de Fortaleza, Roberto Cl\u00e1udio. Segundo Camilo Santana, todo o protocolo de retomada das aulas presenciais ser\u00e1 discutido com&hellip;<\/p>\n","protected":false},"author":1,"featured_media":17769,"comment_status":"open","ping_status":"open","sticky":false,"template":"","format":"standard","meta":{"footnotes":""},"categories":[1],"tags":[],"class_list":["post-17768","post","type-post","status-publish","format-standard","has-post-thumbnail","hentry","category-noticias"],"_links":{"self":[{"href":"https:\/\/blogdorogeriogomes.com.br\/noticias\/wp-json\/wp\/v2\/posts\/17768","targetHints":{"allow":["GET"]}}],"collection":[{"href":"https:\/\/blogdorogeriogomes.com.br\/noticias\/wp-json\/wp\/v2\/posts"}],"about":[{"href":"https:\/\/blogdorogeriogomes.com.br\/noticias\/wp-json\/wp\/v2\/types\/post"}],"author":[{"embeddable":true,"href":"https:\/\/blogdorogeriogomes.com.br\/noticias\/wp-json\/wp\/v2\/users\/1"}],"replies":[{"embeddable":true,"href":"https:\/\/blogdorogeriogomes.com.br\/noticias\/wp-json\/wp\/v2\/comments?post=17768"}],"version-history":[{"count":1,"href":"https:\/\/blogdorogeriogomes.com.br\/noticias\/wp-json\/wp\/v2\/posts\/17768\/revisions"}],"predecessor-version":[{"id":17770,"href":"https:\/\/blogdorogeriogomes.com.br\/noticias\/wp-json\/wp\/v2\/posts\/17768\/revisions\/17770"}],"wp:featuredmedia":[{"embeddable":true,"href":"https:\/\/blogdorogeriogomes.com.br\/noticias\/wp-json\/wp\/v2\/media\/17769"}],"wp:attachment":[{"href":"https:\/\/blogdorogeriogomes.com.br\/noticias\/wp-json\/wp\/v2\/media?parent=17768"}],"wp:term":[{"taxonomy":"category","embeddable":true,"href":"https:\/\/blogdorogeriogomes.com.br\/noticias\/wp-json\/wp\/v2\/categories?post=17768"},{"taxonomy":"post_tag","embeddable":true,"href":"https:\/\/blogdorogeriogomes.com.br\/noticias\/wp-json\/wp\/v2\/tags?post=17768"}],"curies":[{"name":"wp","href":"https:\/\/api.w.org\/{rel}","templated":true}]}}