{"id":17771,"date":"2020-08-03T08:55:03","date_gmt":"2020-08-03T08:55:03","guid":{"rendered":"https:\/\/blogdorogeriogomes.com.br\/?p=17771"},"modified":"2020-08-03T13:44:19","modified_gmt":"2020-08-03T13:44:19","slug":"com-o-fim-do-recesso-judiciario-volta-a-trabalhar-nesta-segunda-feira-com-muitos-temas-polemicos-em-pauta","status":"publish","type":"post","link":"https:\/\/blogdorogeriogomes.com.br\/noticias\/2020\/08\/com-o-fim-do-recesso-judiciario-volta-a-trabalhar-nesta-segunda-feira-com-muitos-temas-polemicos-em-pauta\/","title":{"rendered":"Com o fim do recesso, Judici\u00e1rio volta a trabalhar nesta segunda-feira com muitos temas pol\u00eamicos em pauta"},"content":{"rendered":"\n<p>Come\u00e7ou o m\u00eas de agosto e, assim, o Poder Judici\u00e1rio retoma as atividades nesta segunda-feira, dia 3, ap\u00f3s o recesso de julho, precisando enfrentar pend\u00eancias que afetam diretamente o presidente Jair Bolsonaro e seus aliados. Os julgamentos t\u00eam potencial de gerar novas crises para o governo.<\/p>\n\n\n\n<p>Os assuntos que precisar\u00e3o ser analisados tamb\u00e9m t\u00eam impacto na Opera\u00e7\u00e3o Lava Jato e em processos criminais contra pol\u00edticos como o ex-presidente Lula e o senador Jos\u00e9 Serra, do PSDB.<\/p>\n\n\n\n<p>O STF poder\u00e1 ainda rediscutir seu entendimento sobre temas como o foro especial e rever decis\u00f5es pol\u00eamicas, como as tomadas pelo ministro Alexandre de Moraes no inqu\u00e9rito das fake news.<\/p>\n\n\n\n<figure class=\"wp-block-image size-large\"><img loading=\"lazy\" decoding=\"async\" width=\"1024\" height=\"683\" src=\"https:\/\/blogdorogeriogomes.com.br\/wp-content\/uploads\/2020\/08\/15963964045f271374ac844_1596396404_3x2_lg.jpg\" alt=\"\" class=\"wp-image-17772\" srcset=\"https:\/\/blogdorogeriogomes.com.br\/noticias\/wp-content\/uploads\/2020\/08\/15963964045f271374ac844_1596396404_3x2_lg.jpg 1024w, https:\/\/blogdorogeriogomes.com.br\/noticias\/wp-content\/uploads\/2020\/08\/15963964045f271374ac844_1596396404_3x2_lg-300x200.jpg 300w, https:\/\/blogdorogeriogomes.com.br\/noticias\/wp-content\/uploads\/2020\/08\/15963964045f271374ac844_1596396404_3x2_lg-768x512.jpg 768w, https:\/\/blogdorogeriogomes.com.br\/noticias\/wp-content\/uploads\/2020\/08\/15963964045f271374ac844_1596396404_3x2_lg-800x534.jpg 800w\" sizes=\"auto, (max-width: 1024px) 100vw, 1024px\" \/><\/figure>\n","protected":false},"excerpt":{"rendered":"<p>Come\u00e7ou o m\u00eas de agosto e, assim, o Poder Judici\u00e1rio retoma as atividades nesta segunda-feira, dia 3, ap\u00f3s o recesso de julho, precisando enfrentar pend\u00eancias que afetam diretamente o presidente Jair Bolsonaro e seus aliados. Os julgamentos t\u00eam potencial de gerar novas crises para o governo. Os assuntos que precisar\u00e3o ser analisados tamb\u00e9m t\u00eam impacto na Opera\u00e7\u00e3o Lava Jato e em processos criminais contra pol\u00edticos como o ex-presidente Lula e o senador Jos\u00e9 Serra, do PSDB. O STF poder\u00e1&hellip;<\/p>\n","protected":false},"author":1,"featured_media":17772,"comment_status":"open","ping_status":"open","sticky":false,"template":"","format":"standard","meta":{"footnotes":""},"categories":[1],"tags":[],"class_list":["post-17771","post","type-post","status-publish","format-standard","has-post-thumbnail","hentry","category-noticias"],"_links":{"self":[{"href":"https:\/\/blogdorogeriogomes.com.br\/noticias\/wp-json\/wp\/v2\/posts\/17771","targetHints":{"allow":["GET"]}}],"collection":[{"href":"https:\/\/blogdorogeriogomes.com.br\/noticias\/wp-json\/wp\/v2\/posts"}],"about":[{"href":"https:\/\/blogdorogeriogomes.com.br\/noticias\/wp-json\/wp\/v2\/types\/post"}],"author":[{"embeddable":true,"href":"https:\/\/blogdorogeriogomes.com.br\/noticias\/wp-json\/wp\/v2\/users\/1"}],"replies":[{"embeddable":true,"href":"https:\/\/blogdorogeriogomes.com.br\/noticias\/wp-json\/wp\/v2\/comments?post=17771"}],"version-history":[{"count":1,"href":"https:\/\/blogdorogeriogomes.com.br\/noticias\/wp-json\/wp\/v2\/posts\/17771\/revisions"}],"predecessor-version":[{"id":17773,"href":"https:\/\/blogdorogeriogomes.com.br\/noticias\/wp-json\/wp\/v2\/posts\/17771\/revisions\/17773"}],"wp:featuredmedia":[{"embeddable":true,"href":"https:\/\/blogdorogeriogomes.com.br\/noticias\/wp-json\/wp\/v2\/media\/17772"}],"wp:attachment":[{"href":"https:\/\/blogdorogeriogomes.com.br\/noticias\/wp-json\/wp\/v2\/media?parent=17771"}],"wp:term":[{"taxonomy":"category","embeddable":true,"href":"https:\/\/blogdorogeriogomes.com.br\/noticias\/wp-json\/wp\/v2\/categories?post=17771"},{"taxonomy":"post_tag","embeddable":true,"href":"https:\/\/blogdorogeriogomes.com.br\/noticias\/wp-json\/wp\/v2\/tags?post=17771"}],"curies":[{"name":"wp","href":"https:\/\/api.w.org\/{rel}","templated":true}]}}