{"id":17781,"date":"2020-08-03T20:43:35","date_gmt":"2020-08-03T20:43:35","guid":{"rendered":"https:\/\/blogdorogeriogomes.com.br\/?p=17781"},"modified":"2020-08-04T18:54:55","modified_gmt":"2020-08-04T18:54:55","slug":"pgr-deve-insistir-no-stf-sobre-acesso-as-investigacoes-da-operacao-lava-jato-de-curitiba","status":"publish","type":"post","link":"https:\/\/blogdorogeriogomes.com.br\/noticias\/2020\/08\/pgr-deve-insistir-no-stf-sobre-acesso-as-investigacoes-da-operacao-lava-jato-de-curitiba\/","title":{"rendered":"PGR deve insistir no STF sobre acesso \u00e0s investiga\u00e7\u00f5es da Opera\u00e7\u00e3o Lava Jato de Curitiba"},"content":{"rendered":"\n<p>A Procuradoria-Geral da Rep\u00fablica (PGR) vai recorrer da decis\u00e3o do ministro Edson Fachin e vai insistir no compartilhamento de dados do \u00f3rg\u00e3o com a for\u00e7a-tarefa da Opera\u00e7\u00e3o Lava Jato, em Bras\u00edlia. Fachin, que \u00e9 relator da Lava Jato no STF, revogou uma liminar concedida durante o recesso do Judici\u00e1rio&nbsp;pelo presidente Dias Toffoli, que determinava o compartilhamento de dados da opera\u00e7\u00e3o em Curitiba, Rio e S\u00e3o Paulo com a PGR.<\/p>\n\n\n\n<p>Assessores de Aras afirmam que, assim que tiverem acesso \u00e0 decis\u00e3o de Fachin, v\u00e3o decidir se apresentam um novo recurso ou se apenas &#8220;reformam&#8221; o pedido inicial, que j\u00e1 tinha recebido decis\u00e3o favor\u00e1vel de Toffoli.<\/p>\n\n\n\n<p>Nesta segunda-feira, dia 3 de agosto, o ministro Luiz Edson Fachin, do STF, tamb\u00e9m manifestou a inten\u00e7\u00e3o de ouvir o Congresso Nacional em at\u00e9 cinco dias na a\u00e7\u00e3o apresentada pelo Governo Federal contra a decis\u00e3o do colega Alexandre de Moraes, que decretou o bloqueio internacional de 12 perfis de apoiadores do presidente Jair Bolsonaro nas redes sociais.<\/p>\n\n\n\n<p>O bloqueio tempor\u00e1rio foi determinado pelo ministro Alexandre de Moraes no \u00e2mbito do inqu\u00e9rito das fake news, que apura not\u00edcias falsas, ofensas e amea\u00e7as contra autoridades, e incluiu Twitter e Facebook. <\/p>\n\n\n\n<figure class=\"wp-block-image size-large\"><img loading=\"lazy\" decoding=\"async\" width=\"600\" height=\"400\" src=\"https:\/\/blogdorogeriogomes.com.br\/wp-content\/uploads\/2020\/08\/images-1.jpeg\" alt=\"\" class=\"wp-image-17782\" srcset=\"https:\/\/blogdorogeriogomes.com.br\/noticias\/wp-content\/uploads\/2020\/08\/images-1.jpeg 600w, https:\/\/blogdorogeriogomes.com.br\/noticias\/wp-content\/uploads\/2020\/08\/images-1-300x200.jpeg 300w\" sizes=\"auto, (max-width: 600px) 100vw, 600px\" \/><\/figure>\n","protected":false},"excerpt":{"rendered":"<p>A Procuradoria-Geral da Rep\u00fablica (PGR) vai recorrer da decis\u00e3o do ministro Edson Fachin e vai insistir no compartilhamento de dados do \u00f3rg\u00e3o com a for\u00e7a-tarefa da Opera\u00e7\u00e3o Lava Jato, em Bras\u00edlia. Fachin, que \u00e9 relator da Lava Jato no STF, revogou uma liminar concedida durante o recesso do Judici\u00e1rio&nbsp;pelo presidente Dias Toffoli, que determinava o compartilhamento de dados da opera\u00e7\u00e3o em Curitiba, Rio e S\u00e3o Paulo com a PGR. Assessores de Aras afirmam que, assim que tiverem acesso \u00e0&hellip;<\/p>\n","protected":false},"author":1,"featured_media":17782,"comment_status":"open","ping_status":"open","sticky":false,"template":"","format":"standard","meta":{"footnotes":""},"categories":[1],"tags":[],"class_list":["post-17781","post","type-post","status-publish","format-standard","has-post-thumbnail","hentry","category-noticias"],"_links":{"self":[{"href":"https:\/\/blogdorogeriogomes.com.br\/noticias\/wp-json\/wp\/v2\/posts\/17781","targetHints":{"allow":["GET"]}}],"collection":[{"href":"https:\/\/blogdorogeriogomes.com.br\/noticias\/wp-json\/wp\/v2\/posts"}],"about":[{"href":"https:\/\/blogdorogeriogomes.com.br\/noticias\/wp-json\/wp\/v2\/types\/post"}],"author":[{"embeddable":true,"href":"https:\/\/blogdorogeriogomes.com.br\/noticias\/wp-json\/wp\/v2\/users\/1"}],"replies":[{"embeddable":true,"href":"https:\/\/blogdorogeriogomes.com.br\/noticias\/wp-json\/wp\/v2\/comments?post=17781"}],"version-history":[{"count":2,"href":"https:\/\/blogdorogeriogomes.com.br\/noticias\/wp-json\/wp\/v2\/posts\/17781\/revisions"}],"predecessor-version":[{"id":17793,"href":"https:\/\/blogdorogeriogomes.com.br\/noticias\/wp-json\/wp\/v2\/posts\/17781\/revisions\/17793"}],"wp:featuredmedia":[{"embeddable":true,"href":"https:\/\/blogdorogeriogomes.com.br\/noticias\/wp-json\/wp\/v2\/media\/17782"}],"wp:attachment":[{"href":"https:\/\/blogdorogeriogomes.com.br\/noticias\/wp-json\/wp\/v2\/media?parent=17781"}],"wp:term":[{"taxonomy":"category","embeddable":true,"href":"https:\/\/blogdorogeriogomes.com.br\/noticias\/wp-json\/wp\/v2\/categories?post=17781"},{"taxonomy":"post_tag","embeddable":true,"href":"https:\/\/blogdorogeriogomes.com.br\/noticias\/wp-json\/wp\/v2\/tags?post=17781"}],"curies":[{"name":"wp","href":"https:\/\/api.w.org\/{rel}","templated":true}]}}