{"id":17784,"date":"2020-08-03T23:58:54","date_gmt":"2020-08-03T23:58:54","guid":{"rendered":"https:\/\/blogdorogeriogomes.com.br\/?p=17784"},"modified":"2020-08-04T18:54:38","modified_gmt":"2020-08-04T18:54:38","slug":"frota-de-onibus-em-fortaleza-devera-retornar-a-100-nas-ruas-data-ainda-sera-anunciada-pela-etufor","status":"publish","type":"post","link":"https:\/\/blogdorogeriogomes.com.br\/noticias\/2020\/08\/frota-de-onibus-em-fortaleza-devera-retornar-a-100-nas-ruas-data-ainda-sera-anunciada-pela-etufor\/","title":{"rendered":"Frota de \u00f4nibus em Fortaleza dever\u00e1 retornar a 100% nas ruas. Data ainda ser\u00e1 anunciada pela Etufor"},"content":{"rendered":"\n<p>A Prefeitura de Fortaleza vai acatar a recomenda\u00e7\u00e3o do Minist\u00e9rio P\u00fablico do Cear\u00e1 para disponibilizar 100% da frota de \u00f4nibus para a popula\u00e7\u00e3o nas ruas, em tempos de pandemia do coronav\u00edrus. Hoje, a frota circulando \u00e9 de 75%, com aumento no n\u00famero de ve\u00edculos nos fins de semana. A Empresa de Transporte Urbano de Fortaleza (Etufor) ainda vai definir a data para a implanta\u00e7\u00e3o da medida. <\/p>\n\n\n\n<p>Na avalia\u00e7\u00e3o do Minist\u00e9rio P\u00fablico Estadual, o retorno de 100% da frota nas ruas vai diminuir a aglomera\u00e7\u00e3o das pessoas dentro dos coletivos, que \u00e9 hoje a principal reclama\u00e7\u00e3o dos passageiros. Como ainda \u00e9 recomendada a pr\u00e1tica de isolamento social por causa do coronav\u00edrus, em algumas linhas de \u00f4nibus da Capital, tem sido dif\u00edcil evitar a lota\u00e7\u00e3o nos coletivos. Vale lembrar tamb\u00e9m que h\u00e1 setores da economia que j\u00e1 retornaram com 100% das atividades, exigindo assim uma maior oferta de transporte p\u00fablico.<\/p>\n\n\n\n<figure class=\"wp-block-image size-large\"><img loading=\"lazy\" decoding=\"async\" width=\"682\" height=\"449\" src=\"https:\/\/blogdorogeriogomes.com.br\/wp-content\/uploads\/2020\/08\/images-2.jpeg\" alt=\"\" class=\"wp-image-17785\" srcset=\"https:\/\/blogdorogeriogomes.com.br\/noticias\/wp-content\/uploads\/2020\/08\/images-2.jpeg 682w, https:\/\/blogdorogeriogomes.com.br\/noticias\/wp-content\/uploads\/2020\/08\/images-2-300x198.jpeg 300w\" sizes=\"auto, (max-width: 682px) 100vw, 682px\" \/><\/figure>\n","protected":false},"excerpt":{"rendered":"<p>A Prefeitura de Fortaleza vai acatar a recomenda\u00e7\u00e3o do Minist\u00e9rio P\u00fablico do Cear\u00e1 para disponibilizar 100% da frota de \u00f4nibus para a popula\u00e7\u00e3o nas ruas, em tempos de pandemia do coronav\u00edrus. Hoje, a frota circulando \u00e9 de 75%, com aumento no n\u00famero de ve\u00edculos nos fins de semana. A Empresa de Transporte Urbano de Fortaleza (Etufor) ainda vai definir a data para a implanta\u00e7\u00e3o da medida. Na avalia\u00e7\u00e3o do Minist\u00e9rio P\u00fablico Estadual, o retorno de 100% da frota nas&hellip;<\/p>\n","protected":false},"author":1,"featured_media":17785,"comment_status":"open","ping_status":"open","sticky":false,"template":"","format":"standard","meta":{"footnotes":""},"categories":[1],"tags":[],"class_list":["post-17784","post","type-post","status-publish","format-standard","has-post-thumbnail","hentry","category-noticias"],"_links":{"self":[{"href":"https:\/\/blogdorogeriogomes.com.br\/noticias\/wp-json\/wp\/v2\/posts\/17784","targetHints":{"allow":["GET"]}}],"collection":[{"href":"https:\/\/blogdorogeriogomes.com.br\/noticias\/wp-json\/wp\/v2\/posts"}],"about":[{"href":"https:\/\/blogdorogeriogomes.com.br\/noticias\/wp-json\/wp\/v2\/types\/post"}],"author":[{"embeddable":true,"href":"https:\/\/blogdorogeriogomes.com.br\/noticias\/wp-json\/wp\/v2\/users\/1"}],"replies":[{"embeddable":true,"href":"https:\/\/blogdorogeriogomes.com.br\/noticias\/wp-json\/wp\/v2\/comments?post=17784"}],"version-history":[{"count":1,"href":"https:\/\/blogdorogeriogomes.com.br\/noticias\/wp-json\/wp\/v2\/posts\/17784\/revisions"}],"predecessor-version":[{"id":17786,"href":"https:\/\/blogdorogeriogomes.com.br\/noticias\/wp-json\/wp\/v2\/posts\/17784\/revisions\/17786"}],"wp:featuredmedia":[{"embeddable":true,"href":"https:\/\/blogdorogeriogomes.com.br\/noticias\/wp-json\/wp\/v2\/media\/17785"}],"wp:attachment":[{"href":"https:\/\/blogdorogeriogomes.com.br\/noticias\/wp-json\/wp\/v2\/media?parent=17784"}],"wp:term":[{"taxonomy":"category","embeddable":true,"href":"https:\/\/blogdorogeriogomes.com.br\/noticias\/wp-json\/wp\/v2\/categories?post=17784"},{"taxonomy":"post_tag","embeddable":true,"href":"https:\/\/blogdorogeriogomes.com.br\/noticias\/wp-json\/wp\/v2\/tags?post=17784"}],"curies":[{"name":"wp","href":"https:\/\/api.w.org\/{rel}","templated":true}]}}