{"id":17787,"date":"2020-08-04T09:15:43","date_gmt":"2020-08-04T09:15:43","guid":{"rendered":"https:\/\/blogdorogeriogomes.com.br\/?p=17787"},"modified":"2020-08-04T18:54:29","modified_gmt":"2020-08-04T18:54:29","slug":"camilo-santana-avisa-que-pais-de-aluno-poderao-optar-por-aulas-presenciais-ou-remotas-a-partir-de-setembro","status":"publish","type":"post","link":"https:\/\/blogdorogeriogomes.com.br\/noticias\/2020\/08\/camilo-santana-avisa-que-pais-de-aluno-poderao-optar-por-aulas-presenciais-ou-remotas-a-partir-de-setembro\/","title":{"rendered":"Camilo Santana avisa que pais de aluno poder\u00e3o optar por aulas presenciais ou remotas a partir de setembro"},"content":{"rendered":"\n<p>A previs\u00e3o de retorno das aulas presenciais em escolas privadas e p\u00fablicas no Cear\u00e1 \u00e9 para setembro, segundo o governador do Cear\u00e1, Camilo Santana. Mas o governador j\u00e1 deixou claro que isso ir\u00e1 acontecer caso os indicadores continuem mostrando a queda dos n\u00fameros de novos casos e \u00f3bitos provocados pelo novo coronav\u00edrus.<\/p>\n\n\n\n<p>De acordo com Camilo Santana, as fam\u00edlias ter\u00e3o a op\u00e7\u00e3o por permanecer com o ensino remoto, caso n\u00e3o queiram que os filhos retornem \u00e0s escolas presencialmente neste ano. \u201cOs pais ter\u00e3o o direito de optar. Se quiserem que seus filhos continuem com as aulas remotas, as escolas, tanto p\u00fablicas como privadas, ser\u00e3o obrigadas a oferecer o ensino presencial e remoto\u201d, afirmou o governador.<\/p>\n\n\n\n<figure class=\"wp-block-image size-large\"><img loading=\"lazy\" decoding=\"async\" width=\"1024\" height=\"576\" src=\"https:\/\/blogdorogeriogomes.com.br\/wp-content\/uploads\/2020\/08\/Camilo-scaled-1-1024x576.jpg\" alt=\"\" class=\"wp-image-17788\" srcset=\"https:\/\/blogdorogeriogomes.com.br\/noticias\/wp-content\/uploads\/2020\/08\/Camilo-scaled-1-1024x576.jpg 1024w, https:\/\/blogdorogeriogomes.com.br\/noticias\/wp-content\/uploads\/2020\/08\/Camilo-scaled-1-300x169.jpg 300w, https:\/\/blogdorogeriogomes.com.br\/noticias\/wp-content\/uploads\/2020\/08\/Camilo-scaled-1-768x432.jpg 768w, https:\/\/blogdorogeriogomes.com.br\/noticias\/wp-content\/uploads\/2020\/08\/Camilo-scaled-1-1536x864.jpg 1536w, https:\/\/blogdorogeriogomes.com.br\/noticias\/wp-content\/uploads\/2020\/08\/Camilo-scaled-1-2048x1152.jpg 2048w, https:\/\/blogdorogeriogomes.com.br\/noticias\/wp-content\/uploads\/2020\/08\/Camilo-scaled-1-800x450.jpg 800w\" sizes=\"auto, (max-width: 1024px) 100vw, 1024px\" \/><\/figure>\n","protected":false},"excerpt":{"rendered":"<p>A previs\u00e3o de retorno das aulas presenciais em escolas privadas e p\u00fablicas no Cear\u00e1 \u00e9 para setembro, segundo o governador do Cear\u00e1, Camilo Santana. Mas o governador j\u00e1 deixou claro que isso ir\u00e1 acontecer caso os indicadores continuem mostrando a queda dos n\u00fameros de novos casos e \u00f3bitos provocados pelo novo coronav\u00edrus. De acordo com Camilo Santana, as fam\u00edlias ter\u00e3o a op\u00e7\u00e3o por permanecer com o ensino remoto, caso n\u00e3o queiram que os filhos retornem \u00e0s escolas presencialmente neste&hellip;<\/p>\n","protected":false},"author":1,"featured_media":17788,"comment_status":"open","ping_status":"open","sticky":false,"template":"","format":"standard","meta":{"footnotes":""},"categories":[1],"tags":[],"class_list":["post-17787","post","type-post","status-publish","format-standard","has-post-thumbnail","hentry","category-noticias"],"_links":{"self":[{"href":"https:\/\/blogdorogeriogomes.com.br\/noticias\/wp-json\/wp\/v2\/posts\/17787","targetHints":{"allow":["GET"]}}],"collection":[{"href":"https:\/\/blogdorogeriogomes.com.br\/noticias\/wp-json\/wp\/v2\/posts"}],"about":[{"href":"https:\/\/blogdorogeriogomes.com.br\/noticias\/wp-json\/wp\/v2\/types\/post"}],"author":[{"embeddable":true,"href":"https:\/\/blogdorogeriogomes.com.br\/noticias\/wp-json\/wp\/v2\/users\/1"}],"replies":[{"embeddable":true,"href":"https:\/\/blogdorogeriogomes.com.br\/noticias\/wp-json\/wp\/v2\/comments?post=17787"}],"version-history":[{"count":1,"href":"https:\/\/blogdorogeriogomes.com.br\/noticias\/wp-json\/wp\/v2\/posts\/17787\/revisions"}],"predecessor-version":[{"id":17789,"href":"https:\/\/blogdorogeriogomes.com.br\/noticias\/wp-json\/wp\/v2\/posts\/17787\/revisions\/17789"}],"wp:featuredmedia":[{"embeddable":true,"href":"https:\/\/blogdorogeriogomes.com.br\/noticias\/wp-json\/wp\/v2\/media\/17788"}],"wp:attachment":[{"href":"https:\/\/blogdorogeriogomes.com.br\/noticias\/wp-json\/wp\/v2\/media?parent=17787"}],"wp:term":[{"taxonomy":"category","embeddable":true,"href":"https:\/\/blogdorogeriogomes.com.br\/noticias\/wp-json\/wp\/v2\/categories?post=17787"},{"taxonomy":"post_tag","embeddable":true,"href":"https:\/\/blogdorogeriogomes.com.br\/noticias\/wp-json\/wp\/v2\/tags?post=17787"}],"curies":[{"name":"wp","href":"https:\/\/api.w.org\/{rel}","templated":true}]}}