{"id":17790,"date":"2020-08-04T09:39:12","date_gmt":"2020-08-04T09:39:12","guid":{"rendered":"https:\/\/blogdorogeriogomes.com.br\/?p=17790"},"modified":"2020-08-04T18:54:17","modified_gmt":"2020-08-04T18:54:17","slug":"camara-municipal-de-fortaleza-retoma-sessoes-presenciais-nesta-quarta-feira-em-meio-a-clima-eleitoral","status":"publish","type":"post","link":"https:\/\/blogdorogeriogomes.com.br\/noticias\/2020\/08\/camara-municipal-de-fortaleza-retoma-sessoes-presenciais-nesta-quarta-feira-em-meio-a-clima-eleitoral\/","title":{"rendered":"C\u00e2mara Municipal de Fortaleza retoma sess\u00f5es presenciais nesta quarta-feira em meio a clima eleitoral"},"content":{"rendered":"\n<p>Os vereadores de Fortaleza retomam as sess\u00f5es presenciais nesta quarta-feira, dia 5 de agosto. A C\u00e2mara Municipal da Capital volta a fazer sess\u00f5es presenciais, respeitando todas normas sanit\u00e1rias. As sess\u00f5es prometem clima acirrado entre vereadores da base do prefeito Roberto Cl\u00e1udio e da oposi\u00e7\u00e3o, diante da proximidade da campanha eleitoral.<\/p>\n\n\n\n<p>No fim de agosto, acontecem as conven\u00e7\u00f5es partid\u00e1rias. Mas muitos vereadores j\u00e1 confirmaram que v\u00e3o buscar a reelei\u00e7\u00e3o. Com isso, cada um tenta se articular com suas bases eleitorais j\u00e1 em clima de marcar territ\u00f3rios em busca de votos. <\/p>\n\n\n\n<p>E os embates tamb\u00e9m devem ganhar for\u00e7a com a disputa pela Prefeitura. Uns defendendo a atual gest\u00e3o de Roberto Cl\u00e1udio, outros de oposi\u00e7\u00e3o capitaneadas por vereadores ligados ao deputado federal Capit\u00e3o Wagner Souza. H\u00e1 ainda os parlamentares do PT que defendem uma candidatura pr\u00f3pria do partido em Fortaleza, tendo \u00e0 frente a ex-prefeita Luizianne Lins.<\/p>\n\n\n\n<figure class=\"wp-block-image size-large\"><img loading=\"lazy\" decoding=\"async\" width=\"1024\" height=\"575\" src=\"https:\/\/blogdorogeriogomes.com.br\/wp-content\/uploads\/2020\/08\/camara-1024x575.jpg\" alt=\"\" class=\"wp-image-17791\" srcset=\"https:\/\/blogdorogeriogomes.com.br\/noticias\/wp-content\/uploads\/2020\/08\/camara-1024x575.jpg 1024w, https:\/\/blogdorogeriogomes.com.br\/noticias\/wp-content\/uploads\/2020\/08\/camara-300x169.jpg 300w, https:\/\/blogdorogeriogomes.com.br\/noticias\/wp-content\/uploads\/2020\/08\/camara-768x432.jpg 768w, https:\/\/blogdorogeriogomes.com.br\/noticias\/wp-content\/uploads\/2020\/08\/camara-800x450.jpg 800w, https:\/\/blogdorogeriogomes.com.br\/noticias\/wp-content\/uploads\/2020\/08\/camara.jpg 1349w\" sizes=\"auto, (max-width: 1024px) 100vw, 1024px\" \/><\/figure>\n","protected":false},"excerpt":{"rendered":"<p>Os vereadores de Fortaleza retomam as sess\u00f5es presenciais nesta quarta-feira, dia 5 de agosto. A C\u00e2mara Municipal da Capital volta a fazer sess\u00f5es presenciais, respeitando todas normas sanit\u00e1rias. As sess\u00f5es prometem clima acirrado entre vereadores da base do prefeito Roberto Cl\u00e1udio e da oposi\u00e7\u00e3o, diante da proximidade da campanha eleitoral. No fim de agosto, acontecem as conven\u00e7\u00f5es partid\u00e1rias. Mas muitos vereadores j\u00e1 confirmaram que v\u00e3o buscar a reelei\u00e7\u00e3o. Com isso, cada um tenta se articular com suas bases eleitorais&hellip;<\/p>\n","protected":false},"author":1,"featured_media":17791,"comment_status":"open","ping_status":"open","sticky":false,"template":"","format":"standard","meta":{"footnotes":""},"categories":[1],"tags":[],"class_list":["post-17790","post","type-post","status-publish","format-standard","has-post-thumbnail","hentry","category-noticias"],"_links":{"self":[{"href":"https:\/\/blogdorogeriogomes.com.br\/noticias\/wp-json\/wp\/v2\/posts\/17790","targetHints":{"allow":["GET"]}}],"collection":[{"href":"https:\/\/blogdorogeriogomes.com.br\/noticias\/wp-json\/wp\/v2\/posts"}],"about":[{"href":"https:\/\/blogdorogeriogomes.com.br\/noticias\/wp-json\/wp\/v2\/types\/post"}],"author":[{"embeddable":true,"href":"https:\/\/blogdorogeriogomes.com.br\/noticias\/wp-json\/wp\/v2\/users\/1"}],"replies":[{"embeddable":true,"href":"https:\/\/blogdorogeriogomes.com.br\/noticias\/wp-json\/wp\/v2\/comments?post=17790"}],"version-history":[{"count":1,"href":"https:\/\/blogdorogeriogomes.com.br\/noticias\/wp-json\/wp\/v2\/posts\/17790\/revisions"}],"predecessor-version":[{"id":17792,"href":"https:\/\/blogdorogeriogomes.com.br\/noticias\/wp-json\/wp\/v2\/posts\/17790\/revisions\/17792"}],"wp:featuredmedia":[{"embeddable":true,"href":"https:\/\/blogdorogeriogomes.com.br\/noticias\/wp-json\/wp\/v2\/media\/17791"}],"wp:attachment":[{"href":"https:\/\/blogdorogeriogomes.com.br\/noticias\/wp-json\/wp\/v2\/media?parent=17790"}],"wp:term":[{"taxonomy":"category","embeddable":true,"href":"https:\/\/blogdorogeriogomes.com.br\/noticias\/wp-json\/wp\/v2\/categories?post=17790"},{"taxonomy":"post_tag","embeddable":true,"href":"https:\/\/blogdorogeriogomes.com.br\/noticias\/wp-json\/wp\/v2\/tags?post=17790"}],"curies":[{"name":"wp","href":"https:\/\/api.w.org\/{rel}","templated":true}]}}