{"id":17794,"date":"2020-08-04T19:51:23","date_gmt":"2020-08-04T19:51:23","guid":{"rendered":"https:\/\/blogdorogeriogomes.com.br\/?p=17794"},"modified":"2020-08-06T09:16:04","modified_gmt":"2020-08-06T09:16:04","slug":"secretaria-de-saude-do-ceara-confirma-concursos-para-suprir-vagas-no-hgf-e-hospital-de-messejana","status":"publish","type":"post","link":"https:\/\/blogdorogeriogomes.com.br\/noticias\/2020\/08\/secretaria-de-saude-do-ceara-confirma-concursos-para-suprir-vagas-no-hgf-e-hospital-de-messejana\/","title":{"rendered":"Secretaria de Sa\u00fade do Cear\u00e1 confirma concursos para suprir vagas no HGF e Hospital de Messejana"},"content":{"rendered":"\n<p>O Secret\u00e1rio de Sa\u00fade do Cear\u00e1, Dr. Cabeto, confirmou que, neste m\u00eas de agosto, ser\u00e3o iniciados os processos de sela\u00e7\u00e3o para o&nbsp;Hospital de Messejana&nbsp;e o Hospital Geral de Fortaleza (HGF).&nbsp;&#8220;Estamos fazendo o que a gente chama de redimensionamento das unidades, para que a gente possa abrir o concurso com o n\u00famero de vagas adequadas. Isso em parceria com o Instituto Einstein de Gest\u00e3o&#8221;, disse. A expectativa \u00e9 que o Estado do Cear\u00e1 abra concurso com 12 mil vagas para a \u00e1rea da sa\u00fade at\u00e9 o fim deste ano. <\/p>\n\n\n\n<p>Dr. Cabeto ainda refor\u00e7a que, no pr\u00f3ximo ano, ser\u00e1 realizado concurso para o novo Hospital Universit\u00e1rio Estadual, que funcionar\u00e1 no bairro Itaperi, em Fortaleza. A unidade hospitalar vai contar com 600 leitos para pacientes.<\/p>\n\n\n\n<figure class=\"wp-block-image size-large\"><img loading=\"lazy\" decoding=\"async\" width=\"678\" height=\"452\" src=\"https:\/\/blogdorogeriogomes.com.br\/wp-content\/uploads\/2020\/08\/images-3.jpeg\" alt=\"\" class=\"wp-image-17795\" srcset=\"https:\/\/blogdorogeriogomes.com.br\/noticias\/wp-content\/uploads\/2020\/08\/images-3.jpeg 678w, https:\/\/blogdorogeriogomes.com.br\/noticias\/wp-content\/uploads\/2020\/08\/images-3-300x200.jpeg 300w\" sizes=\"auto, (max-width: 678px) 100vw, 678px\" \/><\/figure>\n\n\n\n<p><\/p>\n","protected":false},"excerpt":{"rendered":"<p>O Secret\u00e1rio de Sa\u00fade do Cear\u00e1, Dr. Cabeto, confirmou que, neste m\u00eas de agosto, ser\u00e3o iniciados os processos de sela\u00e7\u00e3o para o&nbsp;Hospital de Messejana&nbsp;e o Hospital Geral de Fortaleza (HGF).&nbsp;&#8220;Estamos fazendo o que a gente chama de redimensionamento das unidades, para que a gente possa abrir o concurso com o n\u00famero de vagas adequadas. Isso em parceria com o Instituto Einstein de Gest\u00e3o&#8221;, disse. A expectativa \u00e9 que o Estado do Cear\u00e1 abra concurso com 12 mil vagas para&hellip;<\/p>\n","protected":false},"author":1,"featured_media":17795,"comment_status":"open","ping_status":"open","sticky":false,"template":"","format":"standard","meta":{"footnotes":""},"categories":[1],"tags":[],"class_list":["post-17794","post","type-post","status-publish","format-standard","has-post-thumbnail","hentry","category-noticias"],"_links":{"self":[{"href":"https:\/\/blogdorogeriogomes.com.br\/noticias\/wp-json\/wp\/v2\/posts\/17794","targetHints":{"allow":["GET"]}}],"collection":[{"href":"https:\/\/blogdorogeriogomes.com.br\/noticias\/wp-json\/wp\/v2\/posts"}],"about":[{"href":"https:\/\/blogdorogeriogomes.com.br\/noticias\/wp-json\/wp\/v2\/types\/post"}],"author":[{"embeddable":true,"href":"https:\/\/blogdorogeriogomes.com.br\/noticias\/wp-json\/wp\/v2\/users\/1"}],"replies":[{"embeddable":true,"href":"https:\/\/blogdorogeriogomes.com.br\/noticias\/wp-json\/wp\/v2\/comments?post=17794"}],"version-history":[{"count":2,"href":"https:\/\/blogdorogeriogomes.com.br\/noticias\/wp-json\/wp\/v2\/posts\/17794\/revisions"}],"predecessor-version":[{"id":17822,"href":"https:\/\/blogdorogeriogomes.com.br\/noticias\/wp-json\/wp\/v2\/posts\/17794\/revisions\/17822"}],"wp:featuredmedia":[{"embeddable":true,"href":"https:\/\/blogdorogeriogomes.com.br\/noticias\/wp-json\/wp\/v2\/media\/17795"}],"wp:attachment":[{"href":"https:\/\/blogdorogeriogomes.com.br\/noticias\/wp-json\/wp\/v2\/media?parent=17794"}],"wp:term":[{"taxonomy":"category","embeddable":true,"href":"https:\/\/blogdorogeriogomes.com.br\/noticias\/wp-json\/wp\/v2\/categories?post=17794"},{"taxonomy":"post_tag","embeddable":true,"href":"https:\/\/blogdorogeriogomes.com.br\/noticias\/wp-json\/wp\/v2\/tags?post=17794"}],"curies":[{"name":"wp","href":"https:\/\/api.w.org\/{rel}","templated":true}]}}