{"id":17797,"date":"2020-08-04T20:18:22","date_gmt":"2020-08-04T20:18:22","guid":{"rendered":"https:\/\/blogdorogeriogomes.com.br\/?p=17797"},"modified":"2020-08-06T09:15:25","modified_gmt":"2020-08-06T09:15:25","slug":"aumenta-pressao-sobre-o-ministro-da-justica-para-que-ele-explique-o-dossie-contra-servidores-que-sao-opositores-ao-governo-bolsonaro","status":"publish","type":"post","link":"https:\/\/blogdorogeriogomes.com.br\/noticias\/2020\/08\/aumenta-pressao-sobre-o-ministro-da-justica-para-que-ele-explique-o-dossie-contra-servidores-que-sao-opositores-ao-governo-bolsonaro\/","title":{"rendered":"Aumenta press\u00e3o sobre o Ministro da Justi\u00e7a para que ele explique o dossi\u00ea contra servidores que s\u00e3o opositores ao Governo Bolsonaro"},"content":{"rendered":"\n<p>Aumenta a press\u00e3o sobre o Ministro da Justi\u00e7a, Andr\u00e9 Mendon\u00e7a. A ministra do Supremo Tribunal Federal, C\u00e1rmen L\u00facia, estabeleceu o prazo de 48 horas para que o Minist\u00e9rio da Justi\u00e7a&nbsp;preste informa\u00e7\u00f5es sobre o dossi\u00ea que investiga e cataloga os servidores&nbsp; opositores do Governo Federal, que foram identificados como \u201cantifascistas\u201d. Em julho, a Rede Sustentabilidade acionou o STF para abrir inqu\u00e9rito sobre o ministro da Justi\u00e7a e suspender a coleta de informa\u00e7\u00f5es dos servidores.<\/p>\n\n\n\n<p>Andr\u00e9 Mendon\u00e7a foi convocado para prestar esclarecimentos no Senado, no in\u00edcio desta semana, mas desmarcou a participa\u00e7\u00e3o na audi\u00eancia. Nesta segunda-feira, dia 3 de agosto, o Ministro da Justi\u00e7a chegou a dispensar Gilson Lib\u00f3rio Mendes, chefe da Diretoria de Intelig\u00eancia da Seopi, que seria o respons\u00e1vel pelo monitoramento dos servidores.<\/p>\n\n\n\n<p>Os senadores Randolfe Rodrigues (Rede) e Jacques Wagner (PT) entregaram requerimento pedindo que o ministro seja convocado. Eles pedem que comiss\u00e3o do Senado realize &#8220;atos de fiscaliza\u00e7\u00e3o e controle&#8221; sobre investiga\u00e7\u00e3o de pessoas identificadas como antifascistas. Para os senadores, &#8220;a\u00e7\u00e3o clandestina e devassa na vida dessas pessoas caracteriza-se como espionagem pol\u00edtica.<br>O Minist\u00e9rio da Justi\u00e7a organizou relat\u00f3rio sigiloso sobre mais de 500 servidores p\u00fablicos, a maioria da \u00e1rea da seguran\u00e7a p\u00fablica.<\/p>\n\n\n\n<figure class=\"wp-block-image size-large\"><img loading=\"lazy\" decoding=\"async\" width=\"450\" height=\"337\" src=\"https:\/\/blogdorogeriogomes.com.br\/wp-content\/uploads\/2020\/08\/ministro-da-justica-e-seguranca-publica-andre-mendonca-1593820241496_v2_450x337.jpg\" alt=\"\" class=\"wp-image-17798\" srcset=\"https:\/\/blogdorogeriogomes.com.br\/noticias\/wp-content\/uploads\/2020\/08\/ministro-da-justica-e-seguranca-publica-andre-mendonca-1593820241496_v2_450x337.jpg 450w, https:\/\/blogdorogeriogomes.com.br\/noticias\/wp-content\/uploads\/2020\/08\/ministro-da-justica-e-seguranca-publica-andre-mendonca-1593820241496_v2_450x337-300x225.jpg 300w, https:\/\/blogdorogeriogomes.com.br\/noticias\/wp-content\/uploads\/2020\/08\/ministro-da-justica-e-seguranca-publica-andre-mendonca-1593820241496_v2_450x337-400x300.jpg 400w\" sizes=\"auto, (max-width: 450px) 100vw, 450px\" \/><\/figure>\n\n\n\n<p><\/p>\n","protected":false},"excerpt":{"rendered":"<p>Aumenta a press\u00e3o sobre o Ministro da Justi\u00e7a, Andr\u00e9 Mendon\u00e7a. A ministra do Supremo Tribunal Federal, C\u00e1rmen L\u00facia, estabeleceu o prazo de 48 horas para que o Minist\u00e9rio da Justi\u00e7a&nbsp;preste informa\u00e7\u00f5es sobre o dossi\u00ea que investiga e cataloga os servidores&nbsp; opositores do Governo Federal, que foram identificados como \u201cantifascistas\u201d. Em julho, a Rede Sustentabilidade acionou o STF para abrir inqu\u00e9rito sobre o ministro da Justi\u00e7a e suspender a coleta de informa\u00e7\u00f5es dos servidores. Andr\u00e9 Mendon\u00e7a foi convocado para prestar&hellip;<\/p>\n","protected":false},"author":1,"featured_media":17798,"comment_status":"open","ping_status":"open","sticky":false,"template":"","format":"standard","meta":{"footnotes":""},"categories":[1],"tags":[],"class_list":["post-17797","post","type-post","status-publish","format-standard","has-post-thumbnail","hentry","category-noticias"],"_links":{"self":[{"href":"https:\/\/blogdorogeriogomes.com.br\/noticias\/wp-json\/wp\/v2\/posts\/17797","targetHints":{"allow":["GET"]}}],"collection":[{"href":"https:\/\/blogdorogeriogomes.com.br\/noticias\/wp-json\/wp\/v2\/posts"}],"about":[{"href":"https:\/\/blogdorogeriogomes.com.br\/noticias\/wp-json\/wp\/v2\/types\/post"}],"author":[{"embeddable":true,"href":"https:\/\/blogdorogeriogomes.com.br\/noticias\/wp-json\/wp\/v2\/users\/1"}],"replies":[{"embeddable":true,"href":"https:\/\/blogdorogeriogomes.com.br\/noticias\/wp-json\/wp\/v2\/comments?post=17797"}],"version-history":[{"count":2,"href":"https:\/\/blogdorogeriogomes.com.br\/noticias\/wp-json\/wp\/v2\/posts\/17797\/revisions"}],"predecessor-version":[{"id":17821,"href":"https:\/\/blogdorogeriogomes.com.br\/noticias\/wp-json\/wp\/v2\/posts\/17797\/revisions\/17821"}],"wp:featuredmedia":[{"embeddable":true,"href":"https:\/\/blogdorogeriogomes.com.br\/noticias\/wp-json\/wp\/v2\/media\/17798"}],"wp:attachment":[{"href":"https:\/\/blogdorogeriogomes.com.br\/noticias\/wp-json\/wp\/v2\/media?parent=17797"}],"wp:term":[{"taxonomy":"category","embeddable":true,"href":"https:\/\/blogdorogeriogomes.com.br\/noticias\/wp-json\/wp\/v2\/categories?post=17797"},{"taxonomy":"post_tag","embeddable":true,"href":"https:\/\/blogdorogeriogomes.com.br\/noticias\/wp-json\/wp\/v2\/tags?post=17797"}],"curies":[{"name":"wp","href":"https:\/\/api.w.org\/{rel}","templated":true}]}}