{"id":17800,"date":"2020-08-04T22:57:36","date_gmt":"2020-08-04T22:57:36","guid":{"rendered":"https:\/\/blogdorogeriogomes.com.br\/?p=17800"},"modified":"2020-08-06T09:15:16","modified_gmt":"2020-08-06T09:15:16","slug":"stf-exclui-delacao-de-palocci-na-acusacao-da-operacao-lava-jato-contra-o-ex-presidente-lula","status":"publish","type":"post","link":"https:\/\/blogdorogeriogomes.com.br\/noticias\/2020\/08\/stf-exclui-delacao-de-palocci-na-acusacao-da-operacao-lava-jato-contra-o-ex-presidente-lula\/","title":{"rendered":"STF exclui dela\u00e7\u00e3o de Palocci na acusa\u00e7\u00e3o da Opera\u00e7\u00e3o Lava Jato contra o ex-presidente Lula"},"content":{"rendered":"\n<p>A Segunda Turma do STF (Supremo Tribunal Federal) determinou, nesta ter\u00e7a-feira, dia 4 de agosto, a exclus\u00e3o da dela\u00e7\u00e3o do ex-ministro Antonio Palocci de processo da Opera\u00e7\u00e3o Lava Jato contra o ex-presidente Luiz In\u00e1cio Lula da Silva (PT).<\/p>\n\n\n\n<p>A decis\u00e3o diz respeito \u00e0 a\u00e7\u00e3o penal na qual Lula \u00e9 r\u00e9u na 13\u00aa Vara Federal de Curitiba, acusado de ter recebido propina da Odebrecht por meio de um terreno para o Instituto Lula e de ter usado dinheiro da empreiteira para comprar o apartamento vizinho ao que mora em S\u00e3o Bernardo do Campo (SP).<\/p>\n\n\n\n<p>A dela\u00e7\u00e3o de Palocci foi juntada ao processo contra Lula pelo ent\u00e3o juiz Sergio Moro, que retirou o sigilo do documento a seis dias do primeiro turno da elei\u00e7\u00e3o presidencial de 2018.<\/p>\n\n\n\n<p>A Segunda Turma do STF tamb\u00e9m atendeu ao pedido da defesa do ex-presidente Lula para ter acesso a documentos do acordo de leni\u00eancia da Odebrecht que embasaram a acusa\u00e7\u00e3o contra o petista em processo da Opera\u00e7\u00e3o Lava Jato. Com a decis\u00e3o, ap\u00f3s a defesa de Lula ter acesso aos documentos, a a\u00e7\u00e3o penal dever\u00e1 retroceder pela segunda vez \u00e0 etapa de alega\u00e7\u00f5es finais.<\/p>\n\n\n\n<figure class=\"wp-block-image size-large\"><img loading=\"lazy\" decoding=\"async\" width=\"840\" height=\"463\" src=\"https:\/\/blogdorogeriogomes.com.br\/wp-content\/uploads\/2020\/08\/noticiaimgeventualvitorianostfdaraalulapossibilidadedesercandidato5b2bfca6d418d.jpg\" alt=\"\" class=\"wp-image-17801\" srcset=\"https:\/\/blogdorogeriogomes.com.br\/noticias\/wp-content\/uploads\/2020\/08\/noticiaimgeventualvitorianostfdaraalulapossibilidadedesercandidato5b2bfca6d418d.jpg 840w, https:\/\/blogdorogeriogomes.com.br\/noticias\/wp-content\/uploads\/2020\/08\/noticiaimgeventualvitorianostfdaraalulapossibilidadedesercandidato5b2bfca6d418d-300x165.jpg 300w, https:\/\/blogdorogeriogomes.com.br\/noticias\/wp-content\/uploads\/2020\/08\/noticiaimgeventualvitorianostfdaraalulapossibilidadedesercandidato5b2bfca6d418d-768x423.jpg 768w, https:\/\/blogdorogeriogomes.com.br\/noticias\/wp-content\/uploads\/2020\/08\/noticiaimgeventualvitorianostfdaraalulapossibilidadedesercandidato5b2bfca6d418d-800x441.jpg 800w\" sizes=\"auto, (max-width: 840px) 100vw, 840px\" \/><\/figure>\n","protected":false},"excerpt":{"rendered":"<p>A Segunda Turma do STF (Supremo Tribunal Federal) determinou, nesta ter\u00e7a-feira, dia 4 de agosto, a exclus\u00e3o da dela\u00e7\u00e3o do ex-ministro Antonio Palocci de processo da Opera\u00e7\u00e3o Lava Jato contra o ex-presidente Luiz In\u00e1cio Lula da Silva (PT). A decis\u00e3o diz respeito \u00e0 a\u00e7\u00e3o penal na qual Lula \u00e9 r\u00e9u na 13\u00aa Vara Federal de Curitiba, acusado de ter recebido propina da Odebrecht por meio de um terreno para o Instituto Lula e de ter usado dinheiro da empreiteira&hellip;<\/p>\n","protected":false},"author":1,"featured_media":17801,"comment_status":"open","ping_status":"open","sticky":false,"template":"","format":"standard","meta":{"footnotes":""},"categories":[1],"tags":[],"class_list":["post-17800","post","type-post","status-publish","format-standard","has-post-thumbnail","hentry","category-noticias"],"_links":{"self":[{"href":"https:\/\/blogdorogeriogomes.com.br\/noticias\/wp-json\/wp\/v2\/posts\/17800","targetHints":{"allow":["GET"]}}],"collection":[{"href":"https:\/\/blogdorogeriogomes.com.br\/noticias\/wp-json\/wp\/v2\/posts"}],"about":[{"href":"https:\/\/blogdorogeriogomes.com.br\/noticias\/wp-json\/wp\/v2\/types\/post"}],"author":[{"embeddable":true,"href":"https:\/\/blogdorogeriogomes.com.br\/noticias\/wp-json\/wp\/v2\/users\/1"}],"replies":[{"embeddable":true,"href":"https:\/\/blogdorogeriogomes.com.br\/noticias\/wp-json\/wp\/v2\/comments?post=17800"}],"version-history":[{"count":1,"href":"https:\/\/blogdorogeriogomes.com.br\/noticias\/wp-json\/wp\/v2\/posts\/17800\/revisions"}],"predecessor-version":[{"id":17802,"href":"https:\/\/blogdorogeriogomes.com.br\/noticias\/wp-json\/wp\/v2\/posts\/17800\/revisions\/17802"}],"wp:featuredmedia":[{"embeddable":true,"href":"https:\/\/blogdorogeriogomes.com.br\/noticias\/wp-json\/wp\/v2\/media\/17801"}],"wp:attachment":[{"href":"https:\/\/blogdorogeriogomes.com.br\/noticias\/wp-json\/wp\/v2\/media?parent=17800"}],"wp:term":[{"taxonomy":"category","embeddable":true,"href":"https:\/\/blogdorogeriogomes.com.br\/noticias\/wp-json\/wp\/v2\/categories?post=17800"},{"taxonomy":"post_tag","embeddable":true,"href":"https:\/\/blogdorogeriogomes.com.br\/noticias\/wp-json\/wp\/v2\/tags?post=17800"}],"curies":[{"name":"wp","href":"https:\/\/api.w.org\/{rel}","templated":true}]}}