{"id":17806,"date":"2020-08-05T09:49:45","date_gmt":"2020-08-05T09:49:45","guid":{"rendered":"https:\/\/blogdorogeriogomes.com.br\/?p=17806"},"modified":"2020-08-06T09:14:53","modified_gmt":"2020-08-06T09:14:53","slug":"equipe-de-paulo-guedese-quer-estender-auxilio-emergencial-ate-o-fim-do-ano-mas-com-valor-reduzido","status":"publish","type":"post","link":"https:\/\/blogdorogeriogomes.com.br\/noticias\/2020\/08\/equipe-de-paulo-guedese-quer-estender-auxilio-emergencial-ate-o-fim-do-ano-mas-com-valor-reduzido\/","title":{"rendered":"Equipe de Paulo Guedes quer estender Aux\u00edlio Emergencial at\u00e9 o fim do ano, mas com valor reduzido"},"content":{"rendered":"\n<p>A estrat\u00e9gia de insistir no pagamento do aux\u00edlio emergencial at\u00e9 o fim do ano ganha for\u00e7a no Pal\u00e1cio do Planalto. Depois da melhora dia n\u00fameros na popularidade de Bolsonaro nas camadas mais pobres da popula\u00e7\u00e3o, inclusive, no Nordeste, a equipe econ\u00f4mica acena com a continuidade do programa, mas agora com valor reduzido. Atualmente, o valor do aux\u00edlio emergencial \u00e9 de R$ 600 reais. A proposta do ministro Paulo Guedes \u00e9 diminuir o benef\u00edcio para R$ 200 reais. Ali\u00e1s, essa era a proposta dele antes mesmo do programa ser criado. O valor s\u00f3 mudou devido a interfer\u00eancia do Congresso Nacional.<\/p>\n\n\n\n<p>Paulo Guedes tentar convencer o congresso da necessidade da nova CPMF e agora tem a tarefa de encontrar um meio de instaurar uma pol\u00edtica de renda m\u00ednima para agradar a Bolsonaro. O problema, no entanto, est\u00e1 no rombo no caixa do Governo Federal, caso o aux\u00edlio emergencial seja estendido at\u00e9 dezembro. O programa emergencial tem um custo mensal de cerca de R$ 50 bilh\u00f5es. Uma eventual prorroga\u00e7\u00e3o com as mesmas regras at\u00e9 o fim do ano faria o custo total chegar a R$ 450 bilh\u00f5es. Parlamentares no Congresso Nacional tamb\u00e9m ainda querem dar um &#8220;pitaco&#8221; nessa hist\u00f3ria.<\/p>\n\n\n\n<figure class=\"wp-block-image size-large\"><img loading=\"lazy\" decoding=\"async\" width=\"610\" height=\"380\" src=\"https:\/\/blogdorogeriogomes.com.br\/wp-content\/uploads\/2020\/08\/20200611070644_30dcc4f2d661dacd596d92cacd92a30a0d187ea042a33212ad5131be5039a398.jpeg\" alt=\"\" class=\"wp-image-17807\" srcset=\"https:\/\/blogdorogeriogomes.com.br\/noticias\/wp-content\/uploads\/2020\/08\/20200611070644_30dcc4f2d661dacd596d92cacd92a30a0d187ea042a33212ad5131be5039a398.jpeg 610w, https:\/\/blogdorogeriogomes.com.br\/noticias\/wp-content\/uploads\/2020\/08\/20200611070644_30dcc4f2d661dacd596d92cacd92a30a0d187ea042a33212ad5131be5039a398-300x187.jpeg 300w\" sizes=\"auto, (max-width: 610px) 100vw, 610px\" \/><\/figure>\n","protected":false},"excerpt":{"rendered":"<p>A estrat\u00e9gia de insistir no pagamento do aux\u00edlio emergencial at\u00e9 o fim do ano ganha for\u00e7a no Pal\u00e1cio do Planalto. Depois da melhora dia n\u00fameros na popularidade de Bolsonaro nas camadas mais pobres da popula\u00e7\u00e3o, inclusive, no Nordeste, a equipe econ\u00f4mica acena com a continuidade do programa, mas agora com valor reduzido. Atualmente, o valor do aux\u00edlio emergencial \u00e9 de R$ 600 reais. A proposta do ministro Paulo Guedes \u00e9 diminuir o benef\u00edcio para R$ 200 reais. Ali\u00e1s, essa&hellip;<\/p>\n","protected":false},"author":1,"featured_media":17807,"comment_status":"open","ping_status":"open","sticky":false,"template":"","format":"standard","meta":{"footnotes":""},"categories":[1],"tags":[],"class_list":["post-17806","post","type-post","status-publish","format-standard","has-post-thumbnail","hentry","category-noticias"],"_links":{"self":[{"href":"https:\/\/blogdorogeriogomes.com.br\/noticias\/wp-json\/wp\/v2\/posts\/17806","targetHints":{"allow":["GET"]}}],"collection":[{"href":"https:\/\/blogdorogeriogomes.com.br\/noticias\/wp-json\/wp\/v2\/posts"}],"about":[{"href":"https:\/\/blogdorogeriogomes.com.br\/noticias\/wp-json\/wp\/v2\/types\/post"}],"author":[{"embeddable":true,"href":"https:\/\/blogdorogeriogomes.com.br\/noticias\/wp-json\/wp\/v2\/users\/1"}],"replies":[{"embeddable":true,"href":"https:\/\/blogdorogeriogomes.com.br\/noticias\/wp-json\/wp\/v2\/comments?post=17806"}],"version-history":[{"count":2,"href":"https:\/\/blogdorogeriogomes.com.br\/noticias\/wp-json\/wp\/v2\/posts\/17806\/revisions"}],"predecessor-version":[{"id":17809,"href":"https:\/\/blogdorogeriogomes.com.br\/noticias\/wp-json\/wp\/v2\/posts\/17806\/revisions\/17809"}],"wp:featuredmedia":[{"embeddable":true,"href":"https:\/\/blogdorogeriogomes.com.br\/noticias\/wp-json\/wp\/v2\/media\/17807"}],"wp:attachment":[{"href":"https:\/\/blogdorogeriogomes.com.br\/noticias\/wp-json\/wp\/v2\/media?parent=17806"}],"wp:term":[{"taxonomy":"category","embeddable":true,"href":"https:\/\/blogdorogeriogomes.com.br\/noticias\/wp-json\/wp\/v2\/categories?post=17806"},{"taxonomy":"post_tag","embeddable":true,"href":"https:\/\/blogdorogeriogomes.com.br\/noticias\/wp-json\/wp\/v2\/tags?post=17806"}],"curies":[{"name":"wp","href":"https:\/\/api.w.org\/{rel}","templated":true}]}}