{"id":17810,"date":"2020-08-05T15:59:38","date_gmt":"2020-08-05T15:59:38","guid":{"rendered":"https:\/\/blogdorogeriogomes.com.br\/?p=17810"},"modified":"2020-08-06T09:14:22","modified_gmt":"2020-08-06T09:14:22","slug":"segunda-pesquisa-sobre-coronavirus-em-fortaleza-atesta-que-131-da-populacao-ja-testaram-positivo-e-criaram-anticorpos-para-a-doenca","status":"publish","type":"post","link":"https:\/\/blogdorogeriogomes.com.br\/noticias\/2020\/08\/segunda-pesquisa-sobre-coronavirus-em-fortaleza-atesta-que-131-da-populacao-ja-testaram-positivo-e-criaram-anticorpos-para-a-doenca\/","title":{"rendered":"Segunda pesquisa sobre coronav\u00edrus em Fortaleza atesta que 13,1% da popula\u00e7\u00e3o j\u00e1 testaram positivo e criaram anticorpos para a doen\u00e7a"},"content":{"rendered":"\n<p>A segunda pesquisa realizada em Fortaleza para a Covid-19, numa parceria do Governo do Cear\u00e1, Prefeitura de Fortaleza, Fiec e Instituto Opnus, detectou que 13,1% dos entrevistados testaram positivo para o coronav\u00edrus e criaram anticorpos para enfrentamento da doen\u00e7a. Na Capital, a taxa de infec\u00e7\u00e3o pelo novo coronav\u00edrus chegou a 17,6% em domic\u00edlios com mais de cinco habitantes. Os dados apresentados na manh\u00e3 desta quarta-feira, dia 5 de agosto, \u00e9 resultado da segunda fase da pesquisa que avalia os impactos do coronav\u00edrus na Capital.<\/p>\n\n\n\n<p>Foram coletadas 3.300 amostras, incluindo testes r\u00e1pidos, coletas de swab nasal para RT-PCR e entrevistas. Foram visitados 117 bairros de Fortaleza entre 13 e 20 de julho. A primeira fase do estudo, apresentado em junho deste ano, mostrou que mais de 370 mil pessoas j\u00e1 desenvolveram anticorpos contra coronav\u00edrus em Fortaleza. Ainda ser\u00e1 realizada uma terceira fase da pesquisa, com aplica\u00e7\u00e3o de mais 3.300 testes. <\/p>\n\n\n\n<p>A pesquisa tem como objetivo a defini\u00e7\u00e3o de pol\u00edticas p\u00fablicas de enfrentamento \u00e0 Covid-19, como tamb\u00e9m a tomada de decis\u00e3o de abertura de mais setores da atividade econ\u00f4mica em Fortaleza.<\/p>\n\n\n\n<figure class=\"wp-block-image size-large\"><img loading=\"lazy\" decoding=\"async\" width=\"677\" height=\"453\" src=\"https:\/\/blogdorogeriogomes.com.br\/wp-content\/uploads\/2020\/08\/images-1-1.jpeg\" alt=\"\" class=\"wp-image-17811\" srcset=\"https:\/\/blogdorogeriogomes.com.br\/noticias\/wp-content\/uploads\/2020\/08\/images-1-1.jpeg 677w, https:\/\/blogdorogeriogomes.com.br\/noticias\/wp-content\/uploads\/2020\/08\/images-1-1-300x201.jpeg 300w\" sizes=\"auto, (max-width: 677px) 100vw, 677px\" \/><\/figure>\n\n\n\n<p><\/p>\n","protected":false},"excerpt":{"rendered":"<p>A segunda pesquisa realizada em Fortaleza para a Covid-19, numa parceria do Governo do Cear\u00e1, Prefeitura de Fortaleza, Fiec e Instituto Opnus, detectou que 13,1% dos entrevistados testaram positivo para o coronav\u00edrus e criaram anticorpos para enfrentamento da doen\u00e7a. Na Capital, a taxa de infec\u00e7\u00e3o pelo novo coronav\u00edrus chegou a 17,6% em domic\u00edlios com mais de cinco habitantes. Os dados apresentados na manh\u00e3 desta quarta-feira, dia 5 de agosto, \u00e9 resultado da segunda fase da pesquisa que avalia os&hellip;<\/p>\n","protected":false},"author":1,"featured_media":17811,"comment_status":"open","ping_status":"open","sticky":false,"template":"","format":"standard","meta":{"footnotes":""},"categories":[1],"tags":[],"class_list":["post-17810","post","type-post","status-publish","format-standard","has-post-thumbnail","hentry","category-noticias"],"_links":{"self":[{"href":"https:\/\/blogdorogeriogomes.com.br\/noticias\/wp-json\/wp\/v2\/posts\/17810","targetHints":{"allow":["GET"]}}],"collection":[{"href":"https:\/\/blogdorogeriogomes.com.br\/noticias\/wp-json\/wp\/v2\/posts"}],"about":[{"href":"https:\/\/blogdorogeriogomes.com.br\/noticias\/wp-json\/wp\/v2\/types\/post"}],"author":[{"embeddable":true,"href":"https:\/\/blogdorogeriogomes.com.br\/noticias\/wp-json\/wp\/v2\/users\/1"}],"replies":[{"embeddable":true,"href":"https:\/\/blogdorogeriogomes.com.br\/noticias\/wp-json\/wp\/v2\/comments?post=17810"}],"version-history":[{"count":1,"href":"https:\/\/blogdorogeriogomes.com.br\/noticias\/wp-json\/wp\/v2\/posts\/17810\/revisions"}],"predecessor-version":[{"id":17812,"href":"https:\/\/blogdorogeriogomes.com.br\/noticias\/wp-json\/wp\/v2\/posts\/17810\/revisions\/17812"}],"wp:featuredmedia":[{"embeddable":true,"href":"https:\/\/blogdorogeriogomes.com.br\/noticias\/wp-json\/wp\/v2\/media\/17811"}],"wp:attachment":[{"href":"https:\/\/blogdorogeriogomes.com.br\/noticias\/wp-json\/wp\/v2\/media?parent=17810"}],"wp:term":[{"taxonomy":"category","embeddable":true,"href":"https:\/\/blogdorogeriogomes.com.br\/noticias\/wp-json\/wp\/v2\/categories?post=17810"},{"taxonomy":"post_tag","embeddable":true,"href":"https:\/\/blogdorogeriogomes.com.br\/noticias\/wp-json\/wp\/v2\/tags?post=17810"}],"curies":[{"name":"wp","href":"https:\/\/api.w.org\/{rel}","templated":true}]}}