{"id":17814,"date":"2020-08-05T20:11:54","date_gmt":"2020-08-05T20:11:54","guid":{"rendered":"https:\/\/blogdorogeriogomes.com.br\/?p=17814"},"modified":"2020-08-06T09:13:56","modified_gmt":"2020-08-06T09:13:56","slug":"stf-determina-que-governo-bolsonaro-retome-medidas-de-protecao-de-povos-indigenas-ao-coronavirus","status":"publish","type":"post","link":"https:\/\/blogdorogeriogomes.com.br\/noticias\/2020\/08\/stf-determina-que-governo-bolsonaro-retome-medidas-de-protecao-de-povos-indigenas-ao-coronavirus\/","title":{"rendered":"STF determina que Governo Bolsonaro retome medidas de prote\u00e7\u00e3o de povos ind\u00edgenas ao coronav\u00edrus"},"content":{"rendered":"\n<p>O Governo Bolsonaro sofreu mais uma derrota no STF. Os ministros do Supremo Tribunal Federal formaram maioria de votos, nesta quarta-feira, dia 5 de agosto, para manter medidas de prote\u00e7\u00e3o a ind\u00edgenas em meio \u00e0 pandemia do novo coronav\u00edrus. As a\u00e7\u00f5es de sa\u00fade foram determinadas em julho pelo ministro Lu\u00eds Roberto Barroso.<\/p>\n\n\n\n<p>A a\u00e7\u00e3o foi apresentada por partidos e pela Articula\u00e7\u00e3o dos Povos Ind\u00edgenas do Brasil no mesmo dia em que o presidente Jair Bolsonaro vetou trechos de lei de prote\u00e7\u00e3o aos povos ind\u00edgenas contra a Covid-19, aprovada pelo Congresso Nacional. Bolsonaro chegou a negar aos ind\u00edgenas assist\u00eancia b\u00e1sica, como acesso universal \u00e0 \u00e1gua pot\u00e1vel; leitos de UTI; ventiladores e m\u00e1quinas de oxigena\u00e7\u00e3o do sangue; distribui\u00e7\u00e3o de materiais informativos sobre a Covid e facilita\u00e7\u00e3o do pagamento do aux\u00edlio emergencial e benef\u00edcios previdenci\u00e1rios.<\/p>\n\n\n\n<p>Agora, com a decis\u00e3o do STF, o Governo Federal fica obrigado a criar uma sala de situa\u00e7\u00e3o para gerenciar o combate \u00e0 pandemia entre esses povos com participa\u00e7\u00e3o de ind\u00edgenas; fixar medidas para conter invasores nas terras dessas comunidades e garantir o acesso ao sistema de sa\u00fade para ind\u00edgenas que vivem tamb\u00e9m em \u00e1reas n\u00e3o homologadas.<\/p>\n\n\n\n<figure class=\"wp-block-image size-large\"><img loading=\"lazy\" decoding=\"async\" width=\"716\" height=\"428\" src=\"https:\/\/blogdorogeriogomes.com.br\/wp-content\/uploads\/2020\/08\/images-2-1.jpeg\" alt=\"\" class=\"wp-image-17815\" srcset=\"https:\/\/blogdorogeriogomes.com.br\/noticias\/wp-content\/uploads\/2020\/08\/images-2-1.jpeg 716w, https:\/\/blogdorogeriogomes.com.br\/noticias\/wp-content\/uploads\/2020\/08\/images-2-1-300x179.jpeg 300w\" sizes=\"auto, (max-width: 716px) 100vw, 716px\" \/><\/figure>\n\n\n\n<p><\/p>\n\n\n\n<p><\/p>\n","protected":false},"excerpt":{"rendered":"<p>O Governo Bolsonaro sofreu mais uma derrota no STF. Os ministros do Supremo Tribunal Federal formaram maioria de votos, nesta quarta-feira, dia 5 de agosto, para manter medidas de prote\u00e7\u00e3o a ind\u00edgenas em meio \u00e0 pandemia do novo coronav\u00edrus. As a\u00e7\u00f5es de sa\u00fade foram determinadas em julho pelo ministro Lu\u00eds Roberto Barroso. A a\u00e7\u00e3o foi apresentada por partidos e pela Articula\u00e7\u00e3o dos Povos Ind\u00edgenas do Brasil no mesmo dia em que o presidente Jair Bolsonaro vetou trechos de lei&hellip;<\/p>\n","protected":false},"author":1,"featured_media":17815,"comment_status":"open","ping_status":"open","sticky":false,"template":"","format":"standard","meta":{"footnotes":""},"categories":[1],"tags":[],"class_list":["post-17814","post","type-post","status-publish","format-standard","has-post-thumbnail","hentry","category-noticias"],"_links":{"self":[{"href":"https:\/\/blogdorogeriogomes.com.br\/noticias\/wp-json\/wp\/v2\/posts\/17814","targetHints":{"allow":["GET"]}}],"collection":[{"href":"https:\/\/blogdorogeriogomes.com.br\/noticias\/wp-json\/wp\/v2\/posts"}],"about":[{"href":"https:\/\/blogdorogeriogomes.com.br\/noticias\/wp-json\/wp\/v2\/types\/post"}],"author":[{"embeddable":true,"href":"https:\/\/blogdorogeriogomes.com.br\/noticias\/wp-json\/wp\/v2\/users\/1"}],"replies":[{"embeddable":true,"href":"https:\/\/blogdorogeriogomes.com.br\/noticias\/wp-json\/wp\/v2\/comments?post=17814"}],"version-history":[{"count":1,"href":"https:\/\/blogdorogeriogomes.com.br\/noticias\/wp-json\/wp\/v2\/posts\/17814\/revisions"}],"predecessor-version":[{"id":17816,"href":"https:\/\/blogdorogeriogomes.com.br\/noticias\/wp-json\/wp\/v2\/posts\/17814\/revisions\/17816"}],"wp:featuredmedia":[{"embeddable":true,"href":"https:\/\/blogdorogeriogomes.com.br\/noticias\/wp-json\/wp\/v2\/media\/17815"}],"wp:attachment":[{"href":"https:\/\/blogdorogeriogomes.com.br\/noticias\/wp-json\/wp\/v2\/media?parent=17814"}],"wp:term":[{"taxonomy":"category","embeddable":true,"href":"https:\/\/blogdorogeriogomes.com.br\/noticias\/wp-json\/wp\/v2\/categories?post=17814"},{"taxonomy":"post_tag","embeddable":true,"href":"https:\/\/blogdorogeriogomes.com.br\/noticias\/wp-json\/wp\/v2\/tags?post=17814"}],"curies":[{"name":"wp","href":"https:\/\/api.w.org\/{rel}","templated":true}]}}