{"id":17825,"date":"2020-08-06T09:45:42","date_gmt":"2020-08-06T09:45:42","guid":{"rendered":"https:\/\/blogdorogeriogomes.com.br\/?p=17825"},"modified":"2020-08-07T20:23:21","modified_gmt":"2020-08-07T20:23:21","slug":"eleicoes-2020-devem-ter-horario-estendido-e-com-tempo-diferenciado-para-idosos-segundo-tse","status":"publish","type":"post","link":"https:\/\/blogdorogeriogomes.com.br\/noticias\/2020\/08\/eleicoes-2020-devem-ter-horario-estendido-e-com-tempo-diferenciado-para-idosos-segundo-tse\/","title":{"rendered":"Elei\u00e7\u00f5es 2020 devem ter hor\u00e1rio estendido e com tempo diferenciado para idosos, segundo TSE"},"content":{"rendered":"\n<p><br>As elei\u00e7\u00f5es municipais, previstas para novembro, devem ter hor\u00e1rio diferenciado. O presidente do Tribunal Superior Eleitoral (TSE), Lu\u00eds Roberto Barroso, afirmou que o hor\u00e1rio de vota\u00e7\u00e3o no dia das elei\u00e7\u00f5es deve ser estendido em pelo menos mais uma hora e poder\u00e1 ser reservado um hor\u00e1rio especial para a vota\u00e7\u00e3o de idosos com mais de 60 anos, considerados grupo de risco para a Covid-19. A proposta \u00e9 que a vota\u00e7\u00e3o ocorra das 8 \u00e0s 18 horas, com o primeiro hor\u00e1rio de 8 \u00e0s 11 horas sendo priorizado para quem tem 60 anos ou mais.<\/p>\n\n\n\n<p>Por causa da pandemia do novo coronav\u00edrus, as datas da elei\u00e7\u00e3o foram adiadas para 15 de novembro, no primeiro turno, e 29 de novembro, no segundo turno. Outra medida j\u00e1 anunciada pelo TSE foi a exclus\u00e3o nessas elei\u00e7\u00f5es da identifica\u00e7\u00e3o dos eleitores por biometria. <\/p>\n\n\n\n<figure class=\"wp-block-image size-large\"><img loading=\"lazy\" decoding=\"async\" width=\"450\" height=\"337\" src=\"https:\/\/blogdorogeriogomes.com.br\/wp-content\/uploads\/2020\/08\/roberto-barroso-ministro-do-supremo-1591789008791_v2_450x337.jpg\" alt=\"\" class=\"wp-image-17826\" srcset=\"https:\/\/blogdorogeriogomes.com.br\/noticias\/wp-content\/uploads\/2020\/08\/roberto-barroso-ministro-do-supremo-1591789008791_v2_450x337.jpg 450w, https:\/\/blogdorogeriogomes.com.br\/noticias\/wp-content\/uploads\/2020\/08\/roberto-barroso-ministro-do-supremo-1591789008791_v2_450x337-300x225.jpg 300w, https:\/\/blogdorogeriogomes.com.br\/noticias\/wp-content\/uploads\/2020\/08\/roberto-barroso-ministro-do-supremo-1591789008791_v2_450x337-400x300.jpg 400w\" sizes=\"auto, (max-width: 450px) 100vw, 450px\" \/><\/figure>\n\n\n\n<p><\/p>\n\n\n\n<p><br><\/p>\n","protected":false},"excerpt":{"rendered":"<p>As elei\u00e7\u00f5es municipais, previstas para novembro, devem ter hor\u00e1rio diferenciado. O presidente do Tribunal Superior Eleitoral (TSE), Lu\u00eds Roberto Barroso, afirmou que o hor\u00e1rio de vota\u00e7\u00e3o no dia das elei\u00e7\u00f5es deve ser estendido em pelo menos mais uma hora e poder\u00e1 ser reservado um hor\u00e1rio especial para a vota\u00e7\u00e3o de idosos com mais de 60 anos, considerados grupo de risco para a Covid-19. A proposta \u00e9 que a vota\u00e7\u00e3o ocorra das 8 \u00e0s 18 horas, com o primeiro hor\u00e1rio&hellip;<\/p>\n","protected":false},"author":1,"featured_media":17826,"comment_status":"open","ping_status":"open","sticky":false,"template":"","format":"standard","meta":{"footnotes":""},"categories":[1],"tags":[],"class_list":["post-17825","post","type-post","status-publish","format-standard","has-post-thumbnail","hentry","category-noticias"],"_links":{"self":[{"href":"https:\/\/blogdorogeriogomes.com.br\/noticias\/wp-json\/wp\/v2\/posts\/17825","targetHints":{"allow":["GET"]}}],"collection":[{"href":"https:\/\/blogdorogeriogomes.com.br\/noticias\/wp-json\/wp\/v2\/posts"}],"about":[{"href":"https:\/\/blogdorogeriogomes.com.br\/noticias\/wp-json\/wp\/v2\/types\/post"}],"author":[{"embeddable":true,"href":"https:\/\/blogdorogeriogomes.com.br\/noticias\/wp-json\/wp\/v2\/users\/1"}],"replies":[{"embeddable":true,"href":"https:\/\/blogdorogeriogomes.com.br\/noticias\/wp-json\/wp\/v2\/comments?post=17825"}],"version-history":[{"count":1,"href":"https:\/\/blogdorogeriogomes.com.br\/noticias\/wp-json\/wp\/v2\/posts\/17825\/revisions"}],"predecessor-version":[{"id":17827,"href":"https:\/\/blogdorogeriogomes.com.br\/noticias\/wp-json\/wp\/v2\/posts\/17825\/revisions\/17827"}],"wp:featuredmedia":[{"embeddable":true,"href":"https:\/\/blogdorogeriogomes.com.br\/noticias\/wp-json\/wp\/v2\/media\/17826"}],"wp:attachment":[{"href":"https:\/\/blogdorogeriogomes.com.br\/noticias\/wp-json\/wp\/v2\/media?parent=17825"}],"wp:term":[{"taxonomy":"category","embeddable":true,"href":"https:\/\/blogdorogeriogomes.com.br\/noticias\/wp-json\/wp\/v2\/categories?post=17825"},{"taxonomy":"post_tag","embeddable":true,"href":"https:\/\/blogdorogeriogomes.com.br\/noticias\/wp-json\/wp\/v2\/tags?post=17825"}],"curies":[{"name":"wp","href":"https:\/\/api.w.org\/{rel}","templated":true}]}}